{"id":9496,"date":"2020-03-08T08:28:54","date_gmt":"2020-03-08T08:28:54","guid":{"rendered":"https:\/\/www.cullarvega.com\/?p=9496"},"modified":"2023-01-11T06:48:29","modified_gmt":"2023-01-11T06:48:29","slug":"y-si-lo-cuidamos-juntos-mural-del-artista-badi-coloreando-en-cullar-vega","status":"publish","type":"post","link":"https:\/\/cullarvega.com\/casa-cultura\/y-si-lo-cuidamos-juntos-mural-del-artista-badi-coloreando-en-cullar-vega\/","title":{"rendered":"\u00bfY si lo cuidamos Juntos? mural del artista Badi Coloreando en C\u00fallar Vega"},"content":{"rendered":"\n<h2 class=\"wp-block-heading\">Explosi\u00f3n de Arte y Color en la Casa de la Cultura de C\u00fallar Vega bajo el Lema \u00abY SI LO CUIDAMOS JUNTOS?\u00bb<\/h2>\n\n\n\n<hr class=\"wp-block-separator has-alpha-channel-opacity\"\/>\n\n\n\n<p>El pasado viernes 6 de marzo se concluy\u00f3 el espectacular mural de \u00ab<strong>BADI Coloreando<\/strong>\u00ab, artista grafitero granadino, tras casi un mes de trabajo gracias al proyecto desarrollado a trav\u00e9s de las Concejal\u00edas de Cultura, Juventud y Medio Ambiente del Ayuntamiento de C\u00fallar Vega. Para el desarrollo del dise\u00f1o se ha elegido la parte trasera del edificio de la Casa de la Cultura.<\/p>\n\n\n\n<p>Con un claro alegato a la <strong>Defensa del Medio Ambiente<\/strong>, este mural pretende ser un elemento identificativo m\u00e1s de la localidad.<\/p>\n\n\n\n<p>Se ruega contribuir entre todos a su Mantenimiento y Conservaci\u00f3n.<\/p>\n\n\n\n<figure class=\"wp-block-image size-full\"><a href=\"https:\/\/cullarvega.com\/casa-cultura\/wp-content\/uploads\/2020\/03\/mural-casa-cultura-cullar-vega.jpg\"><img fetchpriority=\"high\" decoding=\"async\" width=\"665\" height=\"286\" src=\"https:\/\/cullarvega.com\/casa-cultura\/wp-content\/uploads\/2020\/03\/mural-casa-cultura-cullar-vega.jpg\" alt=\"\" class=\"wp-image-20458\" srcset=\"https:\/\/cullarvega.com\/casa-cultura\/wp-content\/uploads\/2020\/03\/mural-casa-cultura-cullar-vega.jpg 665w, https:\/\/cullarvega.com\/casa-cultura\/wp-content\/uploads\/2020\/03\/mural-casa-cultura-cullar-vega-300x129.jpg 300w, https:\/\/cullarvega.com\/casa-cultura\/wp-content\/uploads\/2020\/03\/mural-casa-cultura-cullar-vega-600x258.jpg 600w, https:\/\/cullarvega.com\/casa-cultura\/wp-content\/uploads\/2020\/03\/mural-casa-cultura-cullar-vega-560x241.jpg 560w\" sizes=\"(max-width: 665px) 100vw, 665px\" \/><\/a><\/figure>\n\n\n\n<figure class=\"wp-block-video\"><video autoplay controls loop src=\"https:\/\/www.cullarvega.com\/wp-content\/uploads\/2020\/03\/WhatsApp-Video-2020-03-06-at-17.56.09.mp4\"><\/video><\/figure>\n\n\n\n<hr class=\"wp-block-separator has-alpha-channel-opacity\"\/>\n","protected":false},"excerpt":{"rendered":"<p>Explosi\u00f3n de Arte y Color en la Casa de la Cultura de C\u00fallar Vega bajo el Lema \u00abY SI LO CUIDAMOS JUNTOS?\u00bb El pasado viernes 6 de marzo se concluy\u00f3 el espectacular mural de \u00abBADI Coloreando\u00ab, artista grafitero granadino, tras casi un mes de trabajo gracias al proyecto desarrollado a trav\u00e9s de las Concejal\u00edas de [&hellip;]<\/p>\n","protected":false},"author":1,"featured_media":20458,"comment_status":"open","ping_status":"open","sticky":false,"template":"","format":"standard","meta":{"footnotes":""},"categories":[1],"tags":[],"class_list":["post-9496","post","type-post","status-publish","format-standard","has-post-thumbnail","hentry","category-actualidad"],"_links":{"self":[{"href":"https:\/\/cullarvega.com\/casa-cultura\/wp-json\/wp\/v2\/posts\/9496","targetHints":{"allow":["GET"]}}],"collection":[{"href":"https:\/\/cullarvega.com\/casa-cultura\/wp-json\/wp\/v2\/posts"}],"about":[{"href":"https:\/\/cullarvega.com\/casa-cultura\/wp-json\/wp\/v2\/types\/post"}],"author":[{"embeddable":true,"href":"https:\/\/cullarvega.com\/casa-cultura\/wp-json\/wp\/v2\/users\/1"}],"replies":[{"embeddable":true,"href":"https:\/\/cullarvega.com\/casa-cultura\/wp-json\/wp\/v2\/comments?post=9496"}],"version-history":[{"count":2,"href":"https:\/\/cullarvega.com\/casa-cultura\/wp-json\/wp\/v2\/posts\/9496\/revisions"}],"predecessor-version":[{"id":20459,"href":"https:\/\/cullarvega.com\/casa-cultura\/wp-json\/wp\/v2\/posts\/9496\/revisions\/20459"}],"wp:featuredmedia":[{"embeddable":true,"href":"https:\/\/cullarvega.com\/casa-cultura\/wp-json\/wp\/v2\/media\/20458"}],"wp:attachment":[{"href":"https:\/\/cullarvega.com\/casa-cultura\/wp-json\/wp\/v2\/media?parent=9496"}],"wp:term":[{"taxonomy":"category","embeddable":true,"href":"https:\/\/cullarvega.com\/casa-cultura\/wp-json\/wp\/v2\/categories?post=9496"},{"taxonomy":"post_tag","embeddable":true,"href":"https:\/\/cullarvega.com\/casa-cultura\/wp-json\/wp\/v2\/tags?post=9496"}],"curies":[{"name":"wp","href":"https:\/\/api.w.org\/{rel}","templated":true}]}}