{"id":9232,"date":"2020-01-28T20:15:58","date_gmt":"2020-01-28T20:15:58","guid":{"rendered":"https:\/\/www.cullarvega.com\/?p=9232"},"modified":"2023-01-11T06:49:21","modified_gmt":"2023-01-11T06:49:21","slug":"presentacion-de-la-novela-los-cuerpos-partidos-de-alex-chico","status":"publish","type":"post","link":"https:\/\/cullarvega.com\/casa-cultura\/presentacion-de-la-novela-los-cuerpos-partidos-de-alex-chico\/","title":{"rendered":"Presentaci\u00f3n de la Novela \u00abLos Cuerpos Partidos\u00bb de \u00c1lex Chico"},"content":{"rendered":"\n<p>El mi\u00e9rcoles 29 de enero a las 19:00 h. se presentar\u00e1 la novela&nbsp;<strong>LOS CUERPOS PARTIDOS <\/strong>de <strong>\u00c1lex<\/strong> <strong>Chico<\/strong>.<\/p>\n\n\n\n<p>En la presentaci\u00f3n, que se desarrollar\u00e1 en el Sal\u00f3n de Plenos del Ayuntamiento de C\u00fallar Vega (C\/ Pablo Picasso), participar\u00e1n <strong>Manuel Chico Morales, Jos\u00e9 Manuel Chico Morales<\/strong> y el propio <strong>autor<\/strong>.<\/p>\n\n\n<div class=\"wp-block-image\">\n<figure class=\"aligncenter size-full\"><a href=\"https:\/\/cullarvega.com\/casa-cultura\/wp-content\/uploads\/2023\/01\/WhatsApp-Image-2020-01-28-at-20.59.18.jpeg\"><img fetchpriority=\"high\" decoding=\"async\" width=\"1000\" height=\"524\" src=\"https:\/\/cullarvega.com\/casa-cultura\/wp-content\/uploads\/2023\/01\/WhatsApp-Image-2020-01-28-at-20.59.18.jpeg\" alt=\"\" class=\"wp-image-20462\" srcset=\"https:\/\/cullarvega.com\/casa-cultura\/wp-content\/uploads\/2023\/01\/WhatsApp-Image-2020-01-28-at-20.59.18.jpeg 1000w, https:\/\/cullarvega.com\/casa-cultura\/wp-content\/uploads\/2023\/01\/WhatsApp-Image-2020-01-28-at-20.59.18-300x157.jpeg 300w, https:\/\/cullarvega.com\/casa-cultura\/wp-content\/uploads\/2023\/01\/WhatsApp-Image-2020-01-28-at-20.59.18-768x402.jpeg 768w, https:\/\/cullarvega.com\/casa-cultura\/wp-content\/uploads\/2023\/01\/WhatsApp-Image-2020-01-28-at-20.59.18-600x314.jpeg 600w, https:\/\/cullarvega.com\/casa-cultura\/wp-content\/uploads\/2023\/01\/WhatsApp-Image-2020-01-28-at-20.59.18-560x293.jpeg 560w\" sizes=\"(max-width: 1000px) 100vw, 1000px\" \/><\/a><\/figure>\n<\/div>\n\n\n<p>Recuerda: el mi\u00e9rcoles 29 de enero a las 19:00 h en el Sal\u00f3n de Plenos del Ayuntamiento de C\u00fallar Vega.<br><\/p>\n","protected":false},"excerpt":{"rendered":"<p>El mi\u00e9rcoles 29 de enero a las 19:00 h. se presentar\u00e1 la novela&nbsp;LOS CUERPOS PARTIDOS de \u00c1lex Chico. En la presentaci\u00f3n, que se desarrollar\u00e1 en el Sal\u00f3n de Plenos del Ayuntamiento de C\u00fallar Vega (C\/ Pablo Picasso), participar\u00e1n Manuel Chico Morales, Jos\u00e9 Manuel Chico Morales y el propio autor. Recuerda: el mi\u00e9rcoles 29 de enero [&hellip;]<\/p>\n","protected":false},"author":1,"featured_media":20462,"comment_status":"open","ping_status":"open","sticky":false,"template":"","format":"standard","meta":{"footnotes":""},"categories":[41],"tags":[],"class_list":["post-9232","post","type-post","status-publish","format-standard","has-post-thumbnail","hentry","category-biblioteca"],"_links":{"self":[{"href":"https:\/\/cullarvega.com\/casa-cultura\/wp-json\/wp\/v2\/posts\/9232","targetHints":{"allow":["GET"]}}],"collection":[{"href":"https:\/\/cullarvega.com\/casa-cultura\/wp-json\/wp\/v2\/posts"}],"about":[{"href":"https:\/\/cullarvega.com\/casa-cultura\/wp-json\/wp\/v2\/types\/post"}],"author":[{"embeddable":true,"href":"https:\/\/cullarvega.com\/casa-cultura\/wp-json\/wp\/v2\/users\/1"}],"replies":[{"embeddable":true,"href":"https:\/\/cullarvega.com\/casa-cultura\/wp-json\/wp\/v2\/comments?post=9232"}],"version-history":[{"count":2,"href":"https:\/\/cullarvega.com\/casa-cultura\/wp-json\/wp\/v2\/posts\/9232\/revisions"}],"predecessor-version":[{"id":20463,"href":"https:\/\/cullarvega.com\/casa-cultura\/wp-json\/wp\/v2\/posts\/9232\/revisions\/20463"}],"wp:featuredmedia":[{"embeddable":true,"href":"https:\/\/cullarvega.com\/casa-cultura\/wp-json\/wp\/v2\/media\/20462"}],"wp:attachment":[{"href":"https:\/\/cullarvega.com\/casa-cultura\/wp-json\/wp\/v2\/media?parent=9232"}],"wp:term":[{"taxonomy":"category","embeddable":true,"href":"https:\/\/cullarvega.com\/casa-cultura\/wp-json\/wp\/v2\/categories?post=9232"},{"taxonomy":"post_tag","embeddable":true,"href":"https:\/\/cullarvega.com\/casa-cultura\/wp-json\/wp\/v2\/tags?post=9232"}],"curies":[{"name":"wp","href":"https:\/\/api.w.org\/{rel}","templated":true}]}}