{"id":9174,"date":"2020-01-21T18:47:32","date_gmt":"2020-01-21T18:47:32","guid":{"rendered":"https:\/\/www.cullarvega.com\/?p=9174"},"modified":"2023-01-11T06:49:36","modified_gmt":"2023-01-11T06:49:36","slug":"ganadores-del-xxxii-certamen-literario-de-cullar-vega","status":"publish","type":"post","link":"https:\/\/cullarvega.com\/casa-cultura\/ganadores-del-xxxii-certamen-literario-de-cullar-vega\/","title":{"rendered":"Ganadores del XXXII Certamen Literario de C\u00fallar Vega"},"content":{"rendered":"<div class=\"wp-block-image\">\n<figure class=\"alignleft size-full\"><img fetchpriority=\"high\" decoding=\"async\" width=\"755\" height=\"1024\" src=\"https:\/\/cullarvega.com\/casa-cultura\/wp-content\/uploads\/2023\/01\/actapremios-1-755x1024-1.jpg\" alt=\"\" class=\"wp-image-20464\" srcset=\"https:\/\/cullarvega.com\/casa-cultura\/wp-content\/uploads\/2023\/01\/actapremios-1-755x1024-1.jpg 755w, https:\/\/cullarvega.com\/casa-cultura\/wp-content\/uploads\/2023\/01\/actapremios-1-755x1024-1-221x300.jpg 221w, https:\/\/cullarvega.com\/casa-cultura\/wp-content\/uploads\/2023\/01\/actapremios-1-755x1024-1-442x600.jpg 442w, https:\/\/cullarvega.com\/casa-cultura\/wp-content\/uploads\/2023\/01\/actapremios-1-755x1024-1-413x560.jpg 413w\" sizes=\"(max-width: 755px) 100vw, 755px\" \/><\/figure>\n<\/div>\n\n\n<p>La XXXII edici\u00f3n del Certamen Literario de C\u00fallar Vega de 2019 ya tiene premiados.<\/p>\n\n\n\n<p><a href=\"https:\/\/www.bibliotecaspublicas.es\/cullarvega\/imagenes\/doc02206520200121142945.pdf\" target=\"_blank\" rel=\"noopener noreferrer\">Acta Ganadores del XXXII Certamen Literario de C\u00fallar Vega<\/a><\/p>\n\n\n\n<p><strong>Modalidad Relato Corto:<\/strong><\/p>\n\n\n\n<ul class=\"wp-block-list\">\n<li>Primer Premio (200 \u20ac):&nbsp;<a href=\"http:\/\/www.bibliotecaspublicas.es\/cullarvega\/imagenes\/indice.pdf\" target=\"_blank\" rel=\"noopener noreferrer\">\u00abIndice\u00bb de Alberto Ferrera Lagoa, de Madrid<\/a><\/li>\n\n\n\n<li>Segundo Premio (140 \u20ac):<a href=\"http:\/\/www.bibliotecaspublicas.es\/cullarvega\/imagenes\/sobresepia.pdf\" target=\"_blank\" rel=\"noopener noreferrer\">&nbsp;\u00abEl Sobre Sepia\u00bb de Jos\u00e9 Luis Garc\u00eda Herrera, de Abrera (Barcelona)<\/a><\/li>\n<\/ul>\n\n\n\n<p><strong>Modalidad Poes\u00eda:<\/strong><\/p>\n\n\n\n<ul class=\"wp-block-list\">\n<li>Primer Premio (200 \u20ac):&nbsp;<a href=\"http:\/\/www.bibliotecaspublicas.es\/cullarvega\/imagenes\/sabando.pdf\" target=\"_blank\" rel=\"noopener noreferrer\">\u00abPausa de Lluvia\u00bb de Jos\u00e9 Manuel S\u00e1iz Rodriguez, de Abezia (\u00c1lava)<\/a><\/li>\n\n\n\n<li>Segundo Premio (140\u20ac):&nbsp;<a href=\"http:\/\/www.bibliotecaspublicas.es\/cullarvega\/imagenes\/escenasrecreadas.pdf\" target=\"_blank\" rel=\"noopener noreferrer\">\u00abEscenas Recreadas\u00bb de Josefa M\u00aa Valenzuela C\u00e1novas, de Totana (Murcia)<\/a><\/li>\n<\/ul>\n\n\n\n<p><strong>Modalidad Autor Local:<\/strong><\/p>\n\n\n\n<ul class=\"wp-block-list\">\n<li>El premio queda desierto<\/li>\n<\/ul>\n","protected":false},"excerpt":{"rendered":"<p>La XXXII edici\u00f3n del Certamen Literario de C\u00fallar Vega de 2019 ya tiene premiados. Acta Ganadores del XXXII Certamen Literario de C\u00fallar Vega Modalidad Relato Corto: Modalidad Poes\u00eda: Modalidad Autor Local:<\/p>\n","protected":false},"author":1,"featured_media":20464,"comment_status":"open","ping_status":"open","sticky":false,"template":"","format":"standard","meta":{"footnotes":""},"categories":[41],"tags":[],"class_list":["post-9174","post","type-post","status-publish","format-standard","has-post-thumbnail","hentry","category-biblioteca"],"_links":{"self":[{"href":"https:\/\/cullarvega.com\/casa-cultura\/wp-json\/wp\/v2\/posts\/9174","targetHints":{"allow":["GET"]}}],"collection":[{"href":"https:\/\/cullarvega.com\/casa-cultura\/wp-json\/wp\/v2\/posts"}],"about":[{"href":"https:\/\/cullarvega.com\/casa-cultura\/wp-json\/wp\/v2\/types\/post"}],"author":[{"embeddable":true,"href":"https:\/\/cullarvega.com\/casa-cultura\/wp-json\/wp\/v2\/users\/1"}],"replies":[{"embeddable":true,"href":"https:\/\/cullarvega.com\/casa-cultura\/wp-json\/wp\/v2\/comments?post=9174"}],"version-history":[{"count":2,"href":"https:\/\/cullarvega.com\/casa-cultura\/wp-json\/wp\/v2\/posts\/9174\/revisions"}],"predecessor-version":[{"id":20466,"href":"https:\/\/cullarvega.com\/casa-cultura\/wp-json\/wp\/v2\/posts\/9174\/revisions\/20466"}],"wp:featuredmedia":[{"embeddable":true,"href":"https:\/\/cullarvega.com\/casa-cultura\/wp-json\/wp\/v2\/media\/20464"}],"wp:attachment":[{"href":"https:\/\/cullarvega.com\/casa-cultura\/wp-json\/wp\/v2\/media?parent=9174"}],"wp:term":[{"taxonomy":"category","embeddable":true,"href":"https:\/\/cullarvega.com\/casa-cultura\/wp-json\/wp\/v2\/categories?post=9174"},{"taxonomy":"post_tag","embeddable":true,"href":"https:\/\/cullarvega.com\/casa-cultura\/wp-json\/wp\/v2\/tags?post=9174"}],"curies":[{"name":"wp","href":"https:\/\/api.w.org\/{rel}","templated":true}]}}