{"id":8965,"date":"2019-12-20T10:47:40","date_gmt":"2019-12-20T10:47:40","guid":{"rendered":"https:\/\/www.cullarvega.com\/?p=8965"},"modified":"2023-01-11T06:49:50","modified_gmt":"2023-01-11T06:49:50","slug":"apertura-de-la-biblioteca-como-sala-de-estudio-en-estas-navidades","status":"publish","type":"post","link":"https:\/\/cullarvega.com\/casa-cultura\/apertura-de-la-biblioteca-como-sala-de-estudio-en-estas-navidades\/","title":{"rendered":"Apertura de la biblioteca c\u00f3mo sala de estudio en estas navidades"},"content":{"rendered":"\n<p>La biblioteca de C\u00fallar Vega se abre c\u00f3mo sala de estudio en este periodo navide\u00f1o para que los estudiantes universitarios y opositores puedan seguir preparando sus ex\u00e1menes.<\/p>\n\n\n<div class=\"wp-block-image\">\n<figure class=\"alignright size-large\"><a href=\"https:\/\/cullarvega.com\/casa-cultura\/wp-content\/uploads\/2023\/01\/estudionavidad.jpg\"><img fetchpriority=\"high\" decoding=\"async\" width=\"1024\" height=\"724\" src=\"https:\/\/cullarvega.com\/casa-cultura\/wp-content\/uploads\/2023\/01\/estudionavidad-1024x724.jpg\" alt=\"\" class=\"wp-image-20467\" srcset=\"https:\/\/cullarvega.com\/casa-cultura\/wp-content\/uploads\/2023\/01\/estudionavidad-1024x724.jpg 1024w, https:\/\/cullarvega.com\/casa-cultura\/wp-content\/uploads\/2023\/01\/estudionavidad-300x212.jpg 300w, https:\/\/cullarvega.com\/casa-cultura\/wp-content\/uploads\/2023\/01\/estudionavidad-768x543.jpg 768w, https:\/\/cullarvega.com\/casa-cultura\/wp-content\/uploads\/2023\/01\/estudionavidad-1536x1086.jpg 1536w, https:\/\/cullarvega.com\/casa-cultura\/wp-content\/uploads\/2023\/01\/estudionavidad-600x424.jpg 600w, https:\/\/cullarvega.com\/casa-cultura\/wp-content\/uploads\/2023\/01\/estudionavidad-560x396.jpg 560w, https:\/\/cullarvega.com\/casa-cultura\/wp-content\/uploads\/2023\/01\/estudionavidad.jpg 1754w\" sizes=\"(max-width: 1024px) 100vw, 1024px\" \/><\/a><\/figure>\n<\/div>","protected":false},"excerpt":{"rendered":"<p>La biblioteca de C\u00fallar Vega se abre c\u00f3mo sala de estudio en este periodo navide\u00f1o para que los estudiantes universitarios y opositores puedan seguir preparando sus ex\u00e1menes.<\/p>\n","protected":false},"author":1,"featured_media":20467,"comment_status":"open","ping_status":"open","sticky":false,"template":"","format":"standard","meta":{"footnotes":""},"categories":[41],"tags":[],"class_list":["post-8965","post","type-post","status-publish","format-standard","has-post-thumbnail","hentry","category-biblioteca"],"_links":{"self":[{"href":"https:\/\/cullarvega.com\/casa-cultura\/wp-json\/wp\/v2\/posts\/8965","targetHints":{"allow":["GET"]}}],"collection":[{"href":"https:\/\/cullarvega.com\/casa-cultura\/wp-json\/wp\/v2\/posts"}],"about":[{"href":"https:\/\/cullarvega.com\/casa-cultura\/wp-json\/wp\/v2\/types\/post"}],"author":[{"embeddable":true,"href":"https:\/\/cullarvega.com\/casa-cultura\/wp-json\/wp\/v2\/users\/1"}],"replies":[{"embeddable":true,"href":"https:\/\/cullarvega.com\/casa-cultura\/wp-json\/wp\/v2\/comments?post=8965"}],"version-history":[{"count":2,"href":"https:\/\/cullarvega.com\/casa-cultura\/wp-json\/wp\/v2\/posts\/8965\/revisions"}],"predecessor-version":[{"id":20468,"href":"https:\/\/cullarvega.com\/casa-cultura\/wp-json\/wp\/v2\/posts\/8965\/revisions\/20468"}],"wp:featuredmedia":[{"embeddable":true,"href":"https:\/\/cullarvega.com\/casa-cultura\/wp-json\/wp\/v2\/media\/20467"}],"wp:attachment":[{"href":"https:\/\/cullarvega.com\/casa-cultura\/wp-json\/wp\/v2\/media?parent=8965"}],"wp:term":[{"taxonomy":"category","embeddable":true,"href":"https:\/\/cullarvega.com\/casa-cultura\/wp-json\/wp\/v2\/categories?post=8965"},{"taxonomy":"post_tag","embeddable":true,"href":"https:\/\/cullarvega.com\/casa-cultura\/wp-json\/wp\/v2\/tags?post=8965"}],"curies":[{"name":"wp","href":"https:\/\/api.w.org\/{rel}","templated":true}]}}