{"id":887,"date":"2015-12-03T11:01:44","date_gmt":"2015-12-03T11:01:44","guid":{"rendered":"http:\/\/www.cullarvega.com\/?p=887"},"modified":"2023-01-11T06:27:02","modified_gmt":"2023-01-11T06:27:02","slug":"ganadores-xxviii-certamen-literario-de-cullar-vega","status":"publish","type":"post","link":"https:\/\/cullarvega.com\/casa-cultura\/ganadores-xxviii-certamen-literario-de-cullar-vega\/","title":{"rendered":"Ganadores XXVIII Certamen Literario de C\u00fallar Vega"},"content":{"rendered":"\n<p>A continuaci\u00f3n pod\u00e9is ver los ganadores y leer las obras de la vig\u00e9simo octava edici\u00f3n del Certamen Literario de C\u00fallar Vega.<\/p>\n\n\n\n<p><a href=\"..\/wp-content\/uploads\/actaganadores2015.pdf\" target=\"_blank\" rel=\"noopener\">Acta Ganadores XXVIII Concurso Literario 2015<\/a>&nbsp;<img decoding=\"async\" class=\"size-full wp-image-1932 alignnone\" src=\"http:\/\/www.cullarvega.com\/wp-content\/uploads\/2016\/02\/pdf.png\" alt=\"pdf\" width=\"43\" height=\"12\"><\/p>\n\n\n\n<h3 class=\"wp-block-heading\">RELATO CORTO:<\/h3>\n\n\n\n<ul class=\"wp-block-list\">\n<li>Primer Premio \u00ab<a href=\"..\/wp-content\/uploads\/palomasdespiertas.pdf\" target=\"_blank\" rel=\"noopener\">Las palomas despiertas<\/a>\u00bb&nbsp;<img decoding=\"async\" class=\"size-full wp-image-1932 alignnone\" src=\"http:\/\/www.cullarvega.com\/wp-content\/uploads\/2016\/02\/pdf.png\" alt=\"pdf\" width=\"43\" height=\"12\"><\/li>\n\n\n\n<li>Segundo Premio \u00ab<a href=\"..\/wp-content\/uploads\/torridatardeverano.pdf\" target=\"_blank\" rel=\"noopener\">Una t\u00f3rrida tarde de verano<\/a>\u00bb&nbsp;<img decoding=\"async\" class=\"size-full wp-image-1932 alignnone\" src=\"http:\/\/www.cullarvega.com\/wp-content\/uploads\/2016\/02\/pdf.png\" alt=\"pdf\" width=\"43\" height=\"12\"><\/li>\n\n\n\n<li>Mejor autor local \u00bb <a href=\"..\/wp-content\/uploads\/condenadapesadilla.pdf\" target=\"_blank\" rel=\"noopener\">Una condenada pesadilla<\/a>\u00bb&nbsp;<img decoding=\"async\" class=\"size-full wp-image-1932 alignnone\" src=\"http:\/\/www.cullarvega.com\/wp-content\/uploads\/2016\/02\/pdf.png\" alt=\"pdf\" width=\"43\" height=\"12\"><\/li>\n<\/ul>\n\n\n\n<h3 class=\"wp-block-heading\">POESIA:<\/h3>\n\n\n\n<ul class=\"wp-block-list\">\n<li>Primer Premio \u00ab<a href=\"..\/wp-content\/uploads\/cuadernodehomenajes.pdf\" target=\"_blank\" rel=\"noopener\">Cuaderno de Homenajes<\/a>\u00bb&nbsp;<img decoding=\"async\" class=\"size-full wp-image-1932 alignnone\" src=\"http:\/\/www.cullarvega.com\/wp-content\/uploads\/2016\/02\/pdf.png\" alt=\"pdf\" width=\"43\" height=\"12\"><\/li>\n\n\n\n<li>Segundo Premio \u00ab<a href=\"..\/wp-content\/uploads\/estedestinomio.pdf\" target=\"_blank\" rel=\"noopener\">Este destino mio<\/a>\u00bb&nbsp;<img decoding=\"async\" class=\"size-full wp-image-1932 alignnone\" src=\"http:\/\/www.cullarvega.com\/wp-content\/uploads\/2016\/02\/pdf.png\" alt=\"pdf\" width=\"43\" height=\"12\"><\/li>\n<\/ul>\n\n\n\n<figure class=\"wp-block-image size-large\"><a href=\"https:\/\/cullarvega.com\/casa-cultura\/wp-content\/uploads\/2020\/07\/biblioteca-cullar-vega.jpeg\"><img fetchpriority=\"high\" decoding=\"async\" width=\"1024\" height=\"576\" src=\"https:\/\/cullarvega.com\/casa-cultura\/wp-content\/uploads\/2020\/07\/biblioteca-cullar-vega-1024x576.jpeg\" alt=\"\" class=\"wp-image-14103\" srcset=\"https:\/\/cullarvega.com\/casa-cultura\/wp-content\/uploads\/2020\/07\/biblioteca-cullar-vega-1024x576.jpeg 1024w, https:\/\/cullarvega.com\/casa-cultura\/wp-content\/uploads\/2020\/07\/biblioteca-cullar-vega-300x169.jpeg 300w, https:\/\/cullarvega.com\/casa-cultura\/wp-content\/uploads\/2020\/07\/biblioteca-cullar-vega-768x432.jpeg 768w, https:\/\/cullarvega.com\/casa-cultura\/wp-content\/uploads\/2020\/07\/biblioteca-cullar-vega-1536x864.jpeg 1536w, https:\/\/cullarvega.com\/casa-cultura\/wp-content\/uploads\/2020\/07\/biblioteca-cullar-vega-600x338.jpeg 600w, https:\/\/cullarvega.com\/casa-cultura\/wp-content\/uploads\/2020\/07\/biblioteca-cullar-vega-560x315.jpeg 560w, https:\/\/cullarvega.com\/casa-cultura\/wp-content\/uploads\/2020\/07\/biblioteca-cullar-vega.jpeg 2016w\" sizes=\"(max-width: 1024px) 100vw, 1024px\" \/><\/a><\/figure>\n","protected":false},"excerpt":{"rendered":"<p>A continuaci\u00f3n pod\u00e9is ver los ganadores y leer las obras de la vig\u00e9simo octava edici\u00f3n del Certamen Literario de C\u00fallar Vega. Acta Ganadores XXVIII Concurso Literario 2015&nbsp; RELATO CORTO: POESIA:<\/p>\n","protected":false},"author":1,"featured_media":14103,"comment_status":"open","ping_status":"open","sticky":false,"template":"","format":"standard","meta":{"footnotes":""},"categories":[41],"tags":[],"class_list":["post-887","post","type-post","status-publish","format-standard","has-post-thumbnail","hentry","category-biblioteca"],"_links":{"self":[{"href":"https:\/\/cullarvega.com\/casa-cultura\/wp-json\/wp\/v2\/posts\/887","targetHints":{"allow":["GET"]}}],"collection":[{"href":"https:\/\/cullarvega.com\/casa-cultura\/wp-json\/wp\/v2\/posts"}],"about":[{"href":"https:\/\/cullarvega.com\/casa-cultura\/wp-json\/wp\/v2\/types\/post"}],"author":[{"embeddable":true,"href":"https:\/\/cullarvega.com\/casa-cultura\/wp-json\/wp\/v2\/users\/1"}],"replies":[{"embeddable":true,"href":"https:\/\/cullarvega.com\/casa-cultura\/wp-json\/wp\/v2\/comments?post=887"}],"version-history":[{"count":2,"href":"https:\/\/cullarvega.com\/casa-cultura\/wp-json\/wp\/v2\/posts\/887\/revisions"}],"predecessor-version":[{"id":20366,"href":"https:\/\/cullarvega.com\/casa-cultura\/wp-json\/wp\/v2\/posts\/887\/revisions\/20366"}],"wp:featuredmedia":[{"embeddable":true,"href":"https:\/\/cullarvega.com\/casa-cultura\/wp-json\/wp\/v2\/media\/14103"}],"wp:attachment":[{"href":"https:\/\/cullarvega.com\/casa-cultura\/wp-json\/wp\/v2\/media?parent=887"}],"wp:term":[{"taxonomy":"category","embeddable":true,"href":"https:\/\/cullarvega.com\/casa-cultura\/wp-json\/wp\/v2\/categories?post=887"},{"taxonomy":"post_tag","embeddable":true,"href":"https:\/\/cullarvega.com\/casa-cultura\/wp-json\/wp\/v2\/tags?post=887"}],"curies":[{"name":"wp","href":"https:\/\/api.w.org\/{rel}","templated":true}]}}