{"id":8666,"date":"2019-12-04T09:50:05","date_gmt":"2019-12-04T09:50:05","guid":{"rendered":"https:\/\/www.cullarvega.com\/?p=8666"},"modified":"2023-01-11T06:50:09","modified_gmt":"2023-01-11T06:50:09","slug":"taller-sobre-reciclaje-el-compromiso-ciudadano-de-aprender-a-reciclar","status":"publish","type":"post","link":"https:\/\/cullarvega.com\/casa-cultura\/taller-sobre-reciclaje-el-compromiso-ciudadano-de-aprender-a-reciclar\/","title":{"rendered":"Taller sobre Reciclaje \u00abEl compromiso ciudadano de aprender a Reciclar\u00bb"},"content":{"rendered":"\n<h2 class=\"wp-block-heading\">El ayuntamiento de C\u00fallar vega en colaboraci\u00f3n con ECOEMBES os invitan al TALLER DE CONSUMO en materia de RECICLAJE.<\/h2>\n\n\n\n<hr class=\"wp-block-separator has-alpha-channel-opacity\"\/>\n\n\n\n<p>El taller, organizado por la Asociaci\u00f3n de Consumidores UCA-UCE de Granada, EcoEmbes y el Ayuntamiento de C\u00fallar Vega, va dirigido a la <strong>ciudadan\u00eda<\/strong> y a las <strong>empresas<\/strong> en general y conoceremos nuevas apps, los procesos y nuestro compromiso con el reciclaje.<\/p>\n\n\n\n<p>Tendr\u00e1 lugar el lunes 16 de Diciembre a las 12:00 h. en el <strong>Centro Guadalinfo de C\u00fallar Vega<\/strong> (enlace Google Maps: <a href=\"https:\/\/g.page\/centroguadalinfocullarvega\" target=\"_blank\" rel=\"noopener noreferrer\">https:\/\/g.page\/centroguadalinfocullarvega<\/a>).<\/p>\n\n\n<div class=\"wp-block-image\">\n<figure class=\"aligncenter size-large\"><a href=\"https:\/\/cullarvega.com\/casa-cultura\/wp-content\/uploads\/2023\/01\/ecoembes-taller.jpeg\"><img fetchpriority=\"high\" decoding=\"async\" width=\"871\" height=\"1024\" src=\"https:\/\/cullarvega.com\/casa-cultura\/wp-content\/uploads\/2023\/01\/ecoembes-taller-871x1024.jpeg\" alt=\"\" class=\"wp-image-20469\" srcset=\"https:\/\/cullarvega.com\/casa-cultura\/wp-content\/uploads\/2023\/01\/ecoembes-taller-871x1024.jpeg 871w, https:\/\/cullarvega.com\/casa-cultura\/wp-content\/uploads\/2023\/01\/ecoembes-taller-255x300.jpeg 255w, https:\/\/cullarvega.com\/casa-cultura\/wp-content\/uploads\/2023\/01\/ecoembes-taller-768x903.jpeg 768w, https:\/\/cullarvega.com\/casa-cultura\/wp-content\/uploads\/2023\/01\/ecoembes-taller-510x600.jpeg 510w, https:\/\/cullarvega.com\/casa-cultura\/wp-content\/uploads\/2023\/01\/ecoembes-taller-476x560.jpeg 476w, https:\/\/cullarvega.com\/casa-cultura\/wp-content\/uploads\/2023\/01\/ecoembes-taller.jpeg 1180w\" sizes=\"(max-width: 871px) 100vw, 871px\" \/><\/a><\/figure>\n<\/div>","protected":false},"excerpt":{"rendered":"<p>El ayuntamiento de C\u00fallar vega en colaboraci\u00f3n con ECOEMBES os invitan al TALLER DE CONSUMO en materia de RECICLAJE. El taller, organizado por la Asociaci\u00f3n de Consumidores UCA-UCE de Granada, EcoEmbes y el Ayuntamiento de C\u00fallar Vega, va dirigido a la ciudadan\u00eda y a las empresas en general y conoceremos nuevas apps, los procesos y [&hellip;]<\/p>\n","protected":false},"author":1,"featured_media":20469,"comment_status":"open","ping_status":"open","sticky":false,"template":"","format":"standard","meta":{"footnotes":""},"categories":[43],"tags":[],"class_list":["post-8666","post","type-post","status-publish","format-standard","has-post-thumbnail","hentry","category-punto-vuela"],"_links":{"self":[{"href":"https:\/\/cullarvega.com\/casa-cultura\/wp-json\/wp\/v2\/posts\/8666","targetHints":{"allow":["GET"]}}],"collection":[{"href":"https:\/\/cullarvega.com\/casa-cultura\/wp-json\/wp\/v2\/posts"}],"about":[{"href":"https:\/\/cullarvega.com\/casa-cultura\/wp-json\/wp\/v2\/types\/post"}],"author":[{"embeddable":true,"href":"https:\/\/cullarvega.com\/casa-cultura\/wp-json\/wp\/v2\/users\/1"}],"replies":[{"embeddable":true,"href":"https:\/\/cullarvega.com\/casa-cultura\/wp-json\/wp\/v2\/comments?post=8666"}],"version-history":[{"count":2,"href":"https:\/\/cullarvega.com\/casa-cultura\/wp-json\/wp\/v2\/posts\/8666\/revisions"}],"predecessor-version":[{"id":20470,"href":"https:\/\/cullarvega.com\/casa-cultura\/wp-json\/wp\/v2\/posts\/8666\/revisions\/20470"}],"wp:featuredmedia":[{"embeddable":true,"href":"https:\/\/cullarvega.com\/casa-cultura\/wp-json\/wp\/v2\/media\/20469"}],"wp:attachment":[{"href":"https:\/\/cullarvega.com\/casa-cultura\/wp-json\/wp\/v2\/media?parent=8666"}],"wp:term":[{"taxonomy":"category","embeddable":true,"href":"https:\/\/cullarvega.com\/casa-cultura\/wp-json\/wp\/v2\/categories?post=8666"},{"taxonomy":"post_tag","embeddable":true,"href":"https:\/\/cullarvega.com\/casa-cultura\/wp-json\/wp\/v2\/tags?post=8666"}],"curies":[{"name":"wp","href":"https:\/\/api.w.org\/{rel}","templated":true}]}}