{"id":8278,"date":"2019-10-03T12:49:27","date_gmt":"2019-10-03T12:49:27","guid":{"rendered":"https:\/\/www.cullarvega.com\/?p=8278"},"modified":"2023-01-11T06:50:33","modified_gmt":"2023-01-11T06:50:33","slug":"taller-sobre-el-manejo-de-la-app-salud-responde","status":"publish","type":"post","link":"https:\/\/cullarvega.com\/casa-cultura\/taller-sobre-el-manejo-de-la-app-salud-responde\/","title":{"rendered":"Taller sobre el manejo de la app SALUD RESPONDE"},"content":{"rendered":"\n<p>Dentro del proyecto <strong>SaludTic<\/strong>, el Centro <strong>Guadalinfo<\/strong> de C\u00fallar Vega organiza un taller para aprender a manejar la <strong>APP<\/strong> <strong>SALUD RESPONDE <\/strong>y acceder as\u00ed&nbsp; a la informaci\u00f3n y servicios digitales de la Consejer\u00eda de Salud de la Junta de Andaluc\u00eda, tales como pedir cita m\u00e9dica, pedi\u00e1trica, enfermer\u00eda, etc&#8230;<\/p>\n\n\n\n<p>El taller se desarrollar\u00e1 el pr\u00f3ximo viernes 11 de Octubre de 11 a 13 h en el Centro Guadalinfo de C\u00fallar Vega y es <strong>IMPRESCINDIBLE<\/strong> traer el <strong>M\u00d3VIL<\/strong> y el n\u00famero de la <strong>TARJETA SANITARIA<\/strong>.<\/p>\n\n\n\n<p>M\u00e1s informaci\u00f3n en el <strong>Whatsapp<\/strong>: <strong>683 15 01 02<\/strong><\/p>\n\n\n<div class=\"wp-block-image\">\n<figure class=\"aligncenter size-large\"><img fetchpriority=\"high\" decoding=\"async\" width=\"724\" height=\"1024\" src=\"https:\/\/cullarvega.com\/casa-cultura\/wp-content\/uploads\/2023\/01\/salud-responde-724x1024.jpg\" alt=\"\" class=\"wp-image-20473\" srcset=\"https:\/\/cullarvega.com\/casa-cultura\/wp-content\/uploads\/2023\/01\/salud-responde-724x1024.jpg 724w, https:\/\/cullarvega.com\/casa-cultura\/wp-content\/uploads\/2023\/01\/salud-responde-212x300.jpg 212w, https:\/\/cullarvega.com\/casa-cultura\/wp-content\/uploads\/2023\/01\/salud-responde-768x1086.jpg 768w, https:\/\/cullarvega.com\/casa-cultura\/wp-content\/uploads\/2023\/01\/salud-responde-1086x1536.jpg 1086w, https:\/\/cullarvega.com\/casa-cultura\/wp-content\/uploads\/2023\/01\/salud-responde-1448x2048.jpg 1448w, https:\/\/cullarvega.com\/casa-cultura\/wp-content\/uploads\/2023\/01\/salud-responde-424x600.jpg 424w, https:\/\/cullarvega.com\/casa-cultura\/wp-content\/uploads\/2023\/01\/salud-responde-396x560.jpg 396w, https:\/\/cullarvega.com\/casa-cultura\/wp-content\/uploads\/2023\/01\/salud-responde-scaled.jpg 1810w\" sizes=\"(max-width: 724px) 100vw, 724px\" \/><\/figure>\n<\/div>","protected":false},"excerpt":{"rendered":"<p>Dentro del proyecto SaludTic, el Centro Guadalinfo de C\u00fallar Vega organiza un taller para aprender a manejar la APP SALUD RESPONDE y acceder as\u00ed&nbsp; a la informaci\u00f3n y servicios digitales de la Consejer\u00eda de Salud de la Junta de Andaluc\u00eda, tales como pedir cita m\u00e9dica, pedi\u00e1trica, enfermer\u00eda, etc&#8230; El taller se desarrollar\u00e1 el pr\u00f3ximo viernes [&hellip;]<\/p>\n","protected":false},"author":1,"featured_media":20473,"comment_status":"open","ping_status":"open","sticky":false,"template":"","format":"standard","meta":{"footnotes":""},"categories":[43],"tags":[],"class_list":["post-8278","post","type-post","status-publish","format-standard","has-post-thumbnail","hentry","category-punto-vuela"],"_links":{"self":[{"href":"https:\/\/cullarvega.com\/casa-cultura\/wp-json\/wp\/v2\/posts\/8278","targetHints":{"allow":["GET"]}}],"collection":[{"href":"https:\/\/cullarvega.com\/casa-cultura\/wp-json\/wp\/v2\/posts"}],"about":[{"href":"https:\/\/cullarvega.com\/casa-cultura\/wp-json\/wp\/v2\/types\/post"}],"author":[{"embeddable":true,"href":"https:\/\/cullarvega.com\/casa-cultura\/wp-json\/wp\/v2\/users\/1"}],"replies":[{"embeddable":true,"href":"https:\/\/cullarvega.com\/casa-cultura\/wp-json\/wp\/v2\/comments?post=8278"}],"version-history":[{"count":2,"href":"https:\/\/cullarvega.com\/casa-cultura\/wp-json\/wp\/v2\/posts\/8278\/revisions"}],"predecessor-version":[{"id":20474,"href":"https:\/\/cullarvega.com\/casa-cultura\/wp-json\/wp\/v2\/posts\/8278\/revisions\/20474"}],"wp:featuredmedia":[{"embeddable":true,"href":"https:\/\/cullarvega.com\/casa-cultura\/wp-json\/wp\/v2\/media\/20473"}],"wp:attachment":[{"href":"https:\/\/cullarvega.com\/casa-cultura\/wp-json\/wp\/v2\/media?parent=8278"}],"wp:term":[{"taxonomy":"category","embeddable":true,"href":"https:\/\/cullarvega.com\/casa-cultura\/wp-json\/wp\/v2\/categories?post=8278"},{"taxonomy":"post_tag","embeddable":true,"href":"https:\/\/cullarvega.com\/casa-cultura\/wp-json\/wp\/v2\/tags?post=8278"}],"curies":[{"name":"wp","href":"https:\/\/api.w.org\/{rel}","templated":true}]}}