{"id":7388,"date":"2019-06-28T10:00:29","date_gmt":"2019-06-28T10:00:29","guid":{"rendered":"https:\/\/www.cullarvega.com\/?p=7388"},"modified":"2023-01-11T06:51:43","modified_gmt":"2023-01-11T06:51:43","slug":"charla-sobre-ayudas-para-la-rehabilitacion-de-viviendas","status":"publish","type":"post","link":"https:\/\/cullarvega.com\/casa-cultura\/charla-sobre-ayudas-para-la-rehabilitacion-de-viviendas\/","title":{"rendered":"Charla sobre Ayudas para la Rehabilitaci\u00f3n de Viviendas"},"content":{"rendered":"\n<h2 class=\"wp-block-heading\">El Ayuntamiento de C\u00fallar Vega y el Centro Guadalinfo de C\u00fallar Vega organizan una interesante Charla de la orden de 14 de enero de 2019 por la que se aprueba las bases reguladoras para la concesi\u00f3n de subvenciones para la rehabilitaci\u00f3n de edificios y de viviendas en la comunidad aut\u00f3noma de Andaluc\u00eda.<\/h2>\n\n\n\n<hr class=\"wp-block-separator has-alpha-channel-opacity\"\/>\n\n\n\n<p>Tendr\u00e1 lugar el pr\u00f3ximo lunes <strong>8 de julio<\/strong> a las <strong>19:30<\/strong> h en el<strong> Centro Guadalinfo de C\u00fallar Vega<\/strong> y estar\u00e1 impartido por el arquitecto <strong>CARLOS ARRABAL EST\u00c9VEZ <\/strong>(<a href=\"http:\/\/www.carlosarrabal.es\/\" target=\"_blank\" rel=\"noopener noreferrer\">www.carlosarrabal.es<\/a> | <a href=\"mailto:hola@carlosarrabal.es\">hola@carlosarrabal.es<\/a> | <strong>605 798 714<\/strong>)<\/p>\n\n\n\n<p><strong>TEMAS A TRATAR<\/strong><\/p>\n\n\n\n<ul class=\"wp-block-list\">\n<li>L\u00edneas de actuaci\u00f3n subvencionables (obras de <strong>CONSERVACI\u00d3N<\/strong> de la vivienda, obras de <strong>SEGURIDAD<\/strong> <strong>DE<\/strong> <strong>UTILIZACI\u00d3N<\/strong> <strong>Y<\/strong> <strong>ACCESIBILIDAD<\/strong>, obras para la mejora de la <strong>EFICIENCIA ENERG\u00c9TICA Y SOSTENIBILIDAD<\/strong>)<\/li>\n\n\n\n<li>Personas <strong>beneficiarias<\/strong>.<\/li>\n\n\n\n<li><strong>Requisitos<\/strong> a cumplir (tanto de las viviendas como de las personas beneficiarias)<\/li>\n\n\n\n<li><strong>Cuant\u00eda<\/strong> de las subvenciones.<\/li>\n\n\n\n<li><strong>Orientaci\u00f3n<\/strong> y asesoramiento para cada caso particular.<\/li>\n<\/ul>\n\n\n\n<p>Os esperamos el Lunes 8 de Julio a las 19:30 en el Centro Guadalinfo de C\u00fallar Vega (enlace google maps <a href=\"https:\/\/goo.gl\/maps\/c61cNd247HTuUa287\" target=\"_blank\" rel=\"noopener noreferrer\">https:\/\/goo.gl\/maps\/c61cNd247HTuUa287<\/a>)<\/p>\n\n\n<div class=\"wp-block-image\">\n<figure class=\"aligncenter\"><a href=\"https:\/\/www.cullarvega.com\/?attachment_id=7389\"><img decoding=\"async\" src=\"https:\/\/www.cullarvega.com\/wp-content\/uploads\/2019\/06\/charla-ayuda-rehabilitacion-viviendas.jpg\" alt=\"\" class=\"wp-image-7389\"\/><\/a><\/figure>\n<\/div>","protected":false},"excerpt":{"rendered":"<p>El Ayuntamiento de C\u00fallar Vega y el Centro Guadalinfo de C\u00fallar Vega organizan una interesante Charla de la orden de 14 de enero de 2019 por la que se aprueba las bases reguladoras para la concesi\u00f3n de subvenciones para la rehabilitaci\u00f3n de edificios y de viviendas en la comunidad aut\u00f3noma de Andaluc\u00eda. Tendr\u00e1 lugar el [&hellip;]<\/p>\n","protected":false},"author":1,"featured_media":20477,"comment_status":"open","ping_status":"open","sticky":false,"template":"","format":"standard","meta":{"footnotes":""},"categories":[43],"tags":[],"class_list":["post-7388","post","type-post","status-publish","format-standard","has-post-thumbnail","hentry","category-punto-vuela"],"_links":{"self":[{"href":"https:\/\/cullarvega.com\/casa-cultura\/wp-json\/wp\/v2\/posts\/7388","targetHints":{"allow":["GET"]}}],"collection":[{"href":"https:\/\/cullarvega.com\/casa-cultura\/wp-json\/wp\/v2\/posts"}],"about":[{"href":"https:\/\/cullarvega.com\/casa-cultura\/wp-json\/wp\/v2\/types\/post"}],"author":[{"embeddable":true,"href":"https:\/\/cullarvega.com\/casa-cultura\/wp-json\/wp\/v2\/users\/1"}],"replies":[{"embeddable":true,"href":"https:\/\/cullarvega.com\/casa-cultura\/wp-json\/wp\/v2\/comments?post=7388"}],"version-history":[{"count":2,"href":"https:\/\/cullarvega.com\/casa-cultura\/wp-json\/wp\/v2\/posts\/7388\/revisions"}],"predecessor-version":[{"id":20478,"href":"https:\/\/cullarvega.com\/casa-cultura\/wp-json\/wp\/v2\/posts\/7388\/revisions\/20478"}],"wp:featuredmedia":[{"embeddable":true,"href":"https:\/\/cullarvega.com\/casa-cultura\/wp-json\/wp\/v2\/media\/20477"}],"wp:attachment":[{"href":"https:\/\/cullarvega.com\/casa-cultura\/wp-json\/wp\/v2\/media?parent=7388"}],"wp:term":[{"taxonomy":"category","embeddable":true,"href":"https:\/\/cullarvega.com\/casa-cultura\/wp-json\/wp\/v2\/categories?post=7388"},{"taxonomy":"post_tag","embeddable":true,"href":"https:\/\/cullarvega.com\/casa-cultura\/wp-json\/wp\/v2\/tags?post=7388"}],"curies":[{"name":"wp","href":"https:\/\/api.w.org\/{rel}","templated":true}]}}