{"id":7043,"date":"2019-05-14T20:26:47","date_gmt":"2019-05-14T18:26:47","guid":{"rendered":"https:\/\/www.cullarvega.com\/?p=7043"},"modified":"2026-01-28T09:07:42","modified_gmt":"2026-01-28T07:07:42","slug":"en-codigo-femenino-programa-de-comunicacion-y-destrezas-digitales","status":"publish","type":"post","link":"https:\/\/cullarvega.com\/casa-cultura\/en-codigo-femenino-programa-de-comunicacion-y-destrezas-digitales\/","title":{"rendered":"En C\u00f3digo Femenino &#8211; Programa de Comunicaci\u00f3n y Destrezas Digitales para mujeres desempleadas"},"content":{"rendered":"\n<h2 class=\"wp-block-heading\">Guadalinfo de C\u00fallar Vega abre inscripciones de un curso para desempleadas sobre habilidades de comunicaci\u00f3n y destrezas digitales.<\/h2>\n\n\n\n<hr class=\"wp-block-separator has-alpha-channel-opacity\"\/>\n\n\n\n<p>El Consorcio Fernando de los R\u00edos (entidad p\u00fablica que gestiona la red de centros p\u00fablicos de acceso a la sociedad de la informaci\u00f3n Guadalinfo, por encargo de la Junta de Andaluc\u00eda y las 8 diputaciones provinciales) pone en marcha el programa para mejorar la empleabilidad de mujeres rurales \u201c<strong>En<\/strong> <strong>C\u00f3digo<\/strong> <strong>Femenino<\/strong>\u201d.<\/p>\n\n\n\n<p><strong>#C\u00fallarVega<\/strong> es uno de los 17 municipios andaluces elegidos para el desarrollo del programa el cu\u00e1l pretende \u201cformar, motivar y activar a mujeres del \u00e1mbito rural, impulsando su acceso al empleo y\/o a emprender proyectos propios\u201d a trav\u00e9s de un taller presencial de 6 horas de duraci\u00f3n junto a un refuerzo on line de 30 horas. Tendr\u00e1 lugar el <strong>3<\/strong> y <strong>5<\/strong> de Junio de <strong>09:30<\/strong> a <strong>12:30<\/strong> h. en el Centro Guadalinfo de C\u00fallar Vega.<\/p>\n\n\n\n<hr class=\"wp-block-separator has-alpha-channel-opacity\"\/>\n\n\n\n<p><strong>EN C\u00d3DIGO FEMENINO &#8211; Programa de Comunicaci\u00f3n y Destrezas Digitales<\/strong><\/p>\n\n\n\n<ul class=\"wp-block-list\">\n<li><strong>Taller Gratuito<\/strong><\/li>\n\n\n\n<li><strong>Destinatarias:<\/strong> Mujeres desempleadas<\/li>\n\n\n\n<li><strong>D\u00edas:<\/strong> 3 y 5 de Junio<\/li>\n\n\n\n<li><strong>Lugar:<\/strong> Centro Guadalinfo de C\u00fallar Vega (<a href=\"https:\/\/goo.gl\/maps\/NpmtMUhpHNrknF8TA\">https:\/\/goo.gl\/maps\/NpmtMUhpHNrknF8TA<\/a>)<\/li>\n\n\n\n<li><span style=\"color: #ff0000;\"><strong>Inscripci\u00f3n Online -&gt;<\/strong> <strong><a style=\"color: #ff0000;\" href=\"https:\/\/forms.gle\/MvW6CSqxupfMqfu78\">https:\/\/forms.gle\/MvW6CSqxupfMqfu78<\/a><\/strong><\/span><\/li>\n\n\n\n<li><strong>Plazas limitadas<\/strong>: 15<\/li>\n\n\n\n<li><strong>Contenidos<\/strong>:\n<ul class=\"wp-block-list\">\n<li>\u00bfQu\u00e9 quieres decir? Trasmite sin miedo.<\/li>\n\n\n\n<li>Mujeres 2.0 Comunicaci\u00f3n Digital y marca personal.<\/li>\n\n\n\n<li>Recursos digitales para la b\u00fasqueda de empleo.<\/li>\n<\/ul>\n<\/li>\n<\/ul>\n\n\n<div class=\"wp-block-image\">\n<figure class=\"aligncenter size-large\"><img fetchpriority=\"high\" decoding=\"async\" width=\"725\" height=\"1024\" src=\"https:\/\/cullarvega.com\/casa-cultura\/wp-content\/uploads\/2023\/01\/Plantilla-cartel-codigo-femenino-725x1024.jpg\" alt=\"\" class=\"wp-image-20479\" srcset=\"https:\/\/cullarvega.com\/casa-cultura\/wp-content\/uploads\/2023\/01\/Plantilla-cartel-codigo-femenino-725x1024.jpg 725w, https:\/\/cullarvega.com\/casa-cultura\/wp-content\/uploads\/2023\/01\/Plantilla-cartel-codigo-femenino-212x300.jpg 212w, https:\/\/cullarvega.com\/casa-cultura\/wp-content\/uploads\/2023\/01\/Plantilla-cartel-codigo-femenino-768x1085.jpg 768w, https:\/\/cullarvega.com\/casa-cultura\/wp-content\/uploads\/2023\/01\/Plantilla-cartel-codigo-femenino-1087x1536.jpg 1087w, https:\/\/cullarvega.com\/casa-cultura\/wp-content\/uploads\/2023\/01\/Plantilla-cartel-codigo-femenino-425x600.jpg 425w, https:\/\/cullarvega.com\/casa-cultura\/wp-content\/uploads\/2023\/01\/Plantilla-cartel-codigo-femenino-396x560.jpg 396w, https:\/\/cullarvega.com\/casa-cultura\/wp-content\/uploads\/2023\/01\/Plantilla-cartel-codigo-femenino.jpg 1123w\" sizes=\"(max-width: 725px) 100vw, 725px\" \/><\/figure>\n<\/div>","protected":false},"excerpt":{"rendered":"<p>Guadalinfo de C\u00fallar Vega abre inscripciones de un curso para desempleadas sobre habilidades de comunicaci\u00f3n y destrezas digitales. El Consorcio Fernando de los R\u00edos (entidad p\u00fablica que gestiona la red de centros p\u00fablicos de acceso a la sociedad de la informaci\u00f3n Guadalinfo, por encargo de la Junta de Andaluc\u00eda y las 8 diputaciones provinciales) pone [&hellip;]<\/p>\n","protected":false},"author":1,"featured_media":20479,"comment_status":"open","ping_status":"open","sticky":false,"template":"","format":"standard","meta":{"footnotes":""},"categories":[43],"tags":[],"class_list":["post-7043","post","type-post","status-publish","format-standard","has-post-thumbnail","hentry","category-punto-vuela"],"_links":{"self":[{"href":"https:\/\/cullarvega.com\/casa-cultura\/wp-json\/wp\/v2\/posts\/7043","targetHints":{"allow":["GET"]}}],"collection":[{"href":"https:\/\/cullarvega.com\/casa-cultura\/wp-json\/wp\/v2\/posts"}],"about":[{"href":"https:\/\/cullarvega.com\/casa-cultura\/wp-json\/wp\/v2\/types\/post"}],"author":[{"embeddable":true,"href":"https:\/\/cullarvega.com\/casa-cultura\/wp-json\/wp\/v2\/users\/1"}],"replies":[{"embeddable":true,"href":"https:\/\/cullarvega.com\/casa-cultura\/wp-json\/wp\/v2\/comments?post=7043"}],"version-history":[{"count":3,"href":"https:\/\/cullarvega.com\/casa-cultura\/wp-json\/wp\/v2\/posts\/7043\/revisions"}],"predecessor-version":[{"id":22168,"href":"https:\/\/cullarvega.com\/casa-cultura\/wp-json\/wp\/v2\/posts\/7043\/revisions\/22168"}],"wp:featuredmedia":[{"embeddable":true,"href":"https:\/\/cullarvega.com\/casa-cultura\/wp-json\/wp\/v2\/media\/20479"}],"wp:attachment":[{"href":"https:\/\/cullarvega.com\/casa-cultura\/wp-json\/wp\/v2\/media?parent=7043"}],"wp:term":[{"taxonomy":"category","embeddable":true,"href":"https:\/\/cullarvega.com\/casa-cultura\/wp-json\/wp\/v2\/categories?post=7043"},{"taxonomy":"post_tag","embeddable":true,"href":"https:\/\/cullarvega.com\/casa-cultura\/wp-json\/wp\/v2\/tags?post=7043"}],"curies":[{"name":"wp","href":"https:\/\/api.w.org\/{rel}","templated":true}]}}