{"id":7015,"date":"2019-05-07T17:50:32","date_gmt":"2019-05-07T15:50:32","guid":{"rendered":"https:\/\/www.cullarvega.com\/?p=7015"},"modified":"2026-01-28T09:10:40","modified_gmt":"2026-01-28T07:10:40","slug":"taller-de-hojas-de-calculo-en-guadalinfo","status":"publish","type":"post","link":"https:\/\/cullarvega.com\/casa-cultura\/taller-de-hojas-de-calculo-en-guadalinfo\/","title":{"rendered":"Taller de Hojas de C\u00e1lculo en Guadalinfo"},"content":{"rendered":"\n<p>El pr\u00f3ximo viernes 17 de Mayo de 2019 comenzar\u00e1 un <strong>TALLER GRATUITO DE HOJAS DE C\u00c1LCULO <\/strong>en el Centro Guadalinfo de C\u00fallar Vega con una duraci\u00f3n total de 10 horas.<\/p>\n\n\n\n<ul class=\"wp-block-list\">\n<li><strong>PLAZAS MUY LIMITADAS<\/strong><\/li>\n\n\n\n<li><strong>DIRIGIDO A: <\/strong>Cualquier persona interesada en la tem\u00e1tica<\/li>\n\n\n\n<li><strong>FECHA DE INICIO<\/strong>: del 17 de Mayo al 14 de junio del 2019<\/li>\n\n\n\n<li><strong>LUGAR<\/strong>: Centro Guadalinfo de C\u00fallar Vega | Casa de la Cultura 1\u00aa planta (enlace Google Maps: <a href=\"https:\/\/goo.gl\/maps\/cci6K9u4gHJ2\">https:\/\/goo.gl\/maps\/cci6K9u4gHJ2<\/a>)<\/li>\n\n\n\n<li><strong>INSCRIPCI\u00d3N ONLINE: <a href=\"https:\/\/goo.gl\/forms\/1QZWQy3kdoAf055E2\">https:\/\/goo.gl\/forms\/1QZWQy3kdoAf055E2<\/a><\/strong><\/li>\n\n\n\n<li><strong>M\u00c1S INFO:<\/strong> <strong><a href=\"mailto:guadalinfo.cullarvega@guadalinfo.es\">guadalinfo.cullarvega@guadalinfo.es<\/a> | Tlf: <\/strong>683 15 01 02<\/li>\n<\/ul>\n\n\n<div class=\"wp-block-image\">\n<figure class=\"aligncenter size-large\"><a href=\"https:\/\/cullarvega.com\/casa-cultura\/wp-content\/uploads\/2023\/01\/hojas-calculo.jpg\"><img fetchpriority=\"high\" decoding=\"async\" width=\"724\" height=\"1024\" src=\"https:\/\/cullarvega.com\/casa-cultura\/wp-content\/uploads\/2023\/01\/hojas-calculo-724x1024.jpg\" alt=\"\" class=\"wp-image-20481\" srcset=\"https:\/\/cullarvega.com\/casa-cultura\/wp-content\/uploads\/2023\/01\/hojas-calculo-724x1024.jpg 724w, https:\/\/cullarvega.com\/casa-cultura\/wp-content\/uploads\/2023\/01\/hojas-calculo-212x300.jpg 212w, https:\/\/cullarvega.com\/casa-cultura\/wp-content\/uploads\/2023\/01\/hojas-calculo-768x1086.jpg 768w, https:\/\/cullarvega.com\/casa-cultura\/wp-content\/uploads\/2023\/01\/hojas-calculo-1086x1536.jpg 1086w, https:\/\/cullarvega.com\/casa-cultura\/wp-content\/uploads\/2023\/01\/hojas-calculo-424x600.jpg 424w, https:\/\/cullarvega.com\/casa-cultura\/wp-content\/uploads\/2023\/01\/hojas-calculo-396x560.jpg 396w, https:\/\/cullarvega.com\/casa-cultura\/wp-content\/uploads\/2023\/01\/hojas-calculo.jpg 1240w\" sizes=\"(max-width: 724px) 100vw, 724px\" \/><\/a><\/figure>\n<\/div>","protected":false},"excerpt":{"rendered":"<p>El pr\u00f3ximo viernes 17 de Mayo de 2019 comenzar\u00e1 un TALLER GRATUITO DE HOJAS DE C\u00c1LCULO en el Centro Guadalinfo de C\u00fallar Vega con una duraci\u00f3n total de 10 horas.<\/p>\n","protected":false},"author":1,"featured_media":20481,"comment_status":"open","ping_status":"open","sticky":false,"template":"","format":"standard","meta":{"footnotes":""},"categories":[43],"tags":[],"class_list":["post-7015","post","type-post","status-publish","format-standard","has-post-thumbnail","hentry","category-punto-vuela"],"_links":{"self":[{"href":"https:\/\/cullarvega.com\/casa-cultura\/wp-json\/wp\/v2\/posts\/7015","targetHints":{"allow":["GET"]}}],"collection":[{"href":"https:\/\/cullarvega.com\/casa-cultura\/wp-json\/wp\/v2\/posts"}],"about":[{"href":"https:\/\/cullarvega.com\/casa-cultura\/wp-json\/wp\/v2\/types\/post"}],"author":[{"embeddable":true,"href":"https:\/\/cullarvega.com\/casa-cultura\/wp-json\/wp\/v2\/users\/1"}],"replies":[{"embeddable":true,"href":"https:\/\/cullarvega.com\/casa-cultura\/wp-json\/wp\/v2\/comments?post=7015"}],"version-history":[{"count":3,"href":"https:\/\/cullarvega.com\/casa-cultura\/wp-json\/wp\/v2\/posts\/7015\/revisions"}],"predecessor-version":[{"id":22183,"href":"https:\/\/cullarvega.com\/casa-cultura\/wp-json\/wp\/v2\/posts\/7015\/revisions\/22183"}],"wp:featuredmedia":[{"embeddable":true,"href":"https:\/\/cullarvega.com\/casa-cultura\/wp-json\/wp\/v2\/media\/20481"}],"wp:attachment":[{"href":"https:\/\/cullarvega.com\/casa-cultura\/wp-json\/wp\/v2\/media?parent=7015"}],"wp:term":[{"taxonomy":"category","embeddable":true,"href":"https:\/\/cullarvega.com\/casa-cultura\/wp-json\/wp\/v2\/categories?post=7015"},{"taxonomy":"post_tag","embeddable":true,"href":"https:\/\/cullarvega.com\/casa-cultura\/wp-json\/wp\/v2\/tags?post=7015"}],"curies":[{"name":"wp","href":"https:\/\/api.w.org\/{rel}","templated":true}]}}