{"id":6938,"date":"2019-04-22T13:06:36","date_gmt":"2019-04-22T11:06:36","guid":{"rendered":"https:\/\/www.cullarvega.com\/?p=6938"},"modified":"2023-01-11T06:52:40","modified_gmt":"2023-01-11T06:52:40","slug":"cullar-vega-pone-en-marcha-un-servicio-para-ayudar-a-sus-vecinos-a-utilizar-sus-smartphones","status":"publish","type":"post","link":"https:\/\/cullarvega.com\/casa-cultura\/cullar-vega-pone-en-marcha-un-servicio-para-ayudar-a-sus-vecinos-a-utilizar-sus-smartphones\/","title":{"rendered":"C\u00fallar Vega pone en marcha un servicio para ayudar a sus vecinos a utilizar sus smartphones"},"content":{"rendered":"\n<h2 class=\"wp-block-heading\">Esta iniciativa, denominada Gabinete M\u00f3vil, se desarrolla en el Centro Guadalinfo, y en ella los asistentes aprenden tambi\u00e9n a manejar las \u2018apps\u2019<\/h2>\n\n\n\n<hr class=\"wp-block-separator has-alpha-channel-opacity\"\/>\n\n\n<div class=\"wp-block-image\">\n<figure class=\"alignright\"><img decoding=\"async\" src=\"https:\/\/www.cullarvega.com\/wp-content\/uploads\/2019\/04\/1.jpeg\" alt=\"\" class=\"wp-image-6940\"\/><\/figure>\n<\/div>\n\n\n<p>El municipio de C\u00fallar Vega, a trav\u00e9s de su Centro Guadalinfo, ha puesto en marcha un nuevo servicio para que los vecinos puedan resolver todas sus dudas sobre c\u00f3mo funciona su tel\u00e9fono m\u00f3vil, o alguna de las \u2018apps\u2019 m\u00e1s utilizadas en el mercado.<\/p>\n\n\n\n<p>Esta iniciativa, denominada <strong>Gabinete<\/strong> <strong>M\u00f3vil<\/strong>, funciona todos los <strong>mi\u00e9rcoles<\/strong> de <strong>12<\/strong> a <strong>13,30 horas<\/strong> en el Centro Guadalinfo (ubicado en la Casa de la Cultura), y ya son decenas de culleros los que han solucionado sus dudas de la mano del t\u00e9cnico responsable de la misma, <strong>Emilio<\/strong> <strong>Aguilar<\/strong>.<\/p>\n\n\n\n<p><strong>MUCHOS TEL\u00c9FONOS Y VERSIONES<\/strong><\/p>\n\n\n<div class=\"wp-block-image\">\n<figure class=\"alignleft size-large\"><a href=\"https:\/\/cullarvega.com\/casa-cultura\/wp-content\/uploads\/2023\/01\/2.jpeg\"><img fetchpriority=\"high\" decoding=\"async\" width=\"768\" height=\"1024\" src=\"https:\/\/cullarvega.com\/casa-cultura\/wp-content\/uploads\/2023\/01\/2-768x1024.jpeg\" alt=\"\" class=\"wp-image-20484\" srcset=\"https:\/\/cullarvega.com\/casa-cultura\/wp-content\/uploads\/2023\/01\/2-768x1024.jpeg 768w, https:\/\/cullarvega.com\/casa-cultura\/wp-content\/uploads\/2023\/01\/2-225x300.jpeg 225w, https:\/\/cullarvega.com\/casa-cultura\/wp-content\/uploads\/2023\/01\/2-1152x1536.jpeg 1152w, https:\/\/cullarvega.com\/casa-cultura\/wp-content\/uploads\/2023\/01\/2-450x600.jpeg 450w, https:\/\/cullarvega.com\/casa-cultura\/wp-content\/uploads\/2023\/01\/2-420x560.jpeg 420w, https:\/\/cullarvega.com\/casa-cultura\/wp-content\/uploads\/2023\/01\/2.jpeg 1200w\" sizes=\"(max-width: 768px) 100vw, 768px\" \/><\/a><\/figure>\n<\/div>\n\n\n<p>Aguilar explica que Gabinete M\u00f3vil \u201c<em>es una especie de consultorio m\u00e9dico, al que los vecinos pueden asistir sin cita previa. La dificultad para manejar los smartphones a veces radica en la gran variedad de modelos de tel\u00e9fonos y versiones<\/em>\u201d, indica el t\u00e9cnico cullero.<\/p>\n\n\n\n<p>Para poder atender el mayor n\u00famero de consultas, la explicaci\u00f3n a los usuarios no es cerrada a un usuario, sino que pueden escucharla todos los all\u00ed presentes. Las principales dudas que suelen plantear son c\u00f3mo funcionan las alarmas; c\u00f3mo conectar el tel\u00e9fono a la red WIFI; c\u00f3mo cambiar fotos de portada y compartir fotos o c\u00f3mo solicitar una cita m\u00e9dica desde el m\u00f3vil.<\/p>\n\n\n\n<p>El alcalde de C\u00fallar Vega, <strong>Jorge<\/strong> <strong>S\u00e1nchez<\/strong>, agradece a Emilio Aguilar \u201ce<em>l extraordinario trabajo que realiza al frente de nuestro Centro Guadalinfo<\/em>\u201d, y se\u00f1ala que el Consultorio M\u00f3vil <em>\u201cest\u00e1 siendo todo un \u00e9xito del que disfrutan vecinos de todas las edades<\/em>\u201d.<\/p>\n","protected":false},"excerpt":{"rendered":"<p>Esta iniciativa, denominada Gabinete M\u00f3vil, se desarrolla en el Centro Guadalinfo, y en ella los asistentes aprenden tambi\u00e9n a manejar las \u2018apps\u2019 El municipio de C\u00fallar Vega, a trav\u00e9s de su Centro Guadalinfo, ha puesto en marcha un nuevo servicio para que los vecinos puedan resolver todas sus dudas sobre c\u00f3mo funciona su tel\u00e9fono m\u00f3vil, [&hellip;]<\/p>\n","protected":false},"author":1,"featured_media":20484,"comment_status":"open","ping_status":"open","sticky":false,"template":"","format":"standard","meta":{"footnotes":""},"categories":[43],"tags":[],"class_list":["post-6938","post","type-post","status-publish","format-standard","has-post-thumbnail","hentry","category-punto-vuela"],"_links":{"self":[{"href":"https:\/\/cullarvega.com\/casa-cultura\/wp-json\/wp\/v2\/posts\/6938","targetHints":{"allow":["GET"]}}],"collection":[{"href":"https:\/\/cullarvega.com\/casa-cultura\/wp-json\/wp\/v2\/posts"}],"about":[{"href":"https:\/\/cullarvega.com\/casa-cultura\/wp-json\/wp\/v2\/types\/post"}],"author":[{"embeddable":true,"href":"https:\/\/cullarvega.com\/casa-cultura\/wp-json\/wp\/v2\/users\/1"}],"replies":[{"embeddable":true,"href":"https:\/\/cullarvega.com\/casa-cultura\/wp-json\/wp\/v2\/comments?post=6938"}],"version-history":[{"count":2,"href":"https:\/\/cullarvega.com\/casa-cultura\/wp-json\/wp\/v2\/posts\/6938\/revisions"}],"predecessor-version":[{"id":20485,"href":"https:\/\/cullarvega.com\/casa-cultura\/wp-json\/wp\/v2\/posts\/6938\/revisions\/20485"}],"wp:featuredmedia":[{"embeddable":true,"href":"https:\/\/cullarvega.com\/casa-cultura\/wp-json\/wp\/v2\/media\/20484"}],"wp:attachment":[{"href":"https:\/\/cullarvega.com\/casa-cultura\/wp-json\/wp\/v2\/media?parent=6938"}],"wp:term":[{"taxonomy":"category","embeddable":true,"href":"https:\/\/cullarvega.com\/casa-cultura\/wp-json\/wp\/v2\/categories?post=6938"},{"taxonomy":"post_tag","embeddable":true,"href":"https:\/\/cullarvega.com\/casa-cultura\/wp-json\/wp\/v2\/tags?post=6938"}],"curies":[{"name":"wp","href":"https:\/\/api.w.org\/{rel}","templated":true}]}}