{"id":688,"date":"2015-03-27T12:26:35","date_gmt":"2015-03-27T12:26:35","guid":{"rendered":"http:\/\/www.cullarvega.com\/?p=688"},"modified":"2023-01-11T06:26:37","modified_gmt":"2023-01-11T06:26:37","slug":"bases-concurso-literario-de-cullar-vega-2015","status":"publish","type":"post","link":"https:\/\/cullarvega.com\/casa-cultura\/bases-concurso-literario-de-cullar-vega-2015\/","title":{"rendered":"Bases Concurso Literario de C\u00fallar Vega 2015"},"content":{"rendered":"\n<p>En esta vig\u00e9simo octava edici\u00f3n se continuar\u00e1 con las modalidades de Relato Corto y poes\u00eda.<\/p>\n\n\n\n<p><strong><a href=\"..\/wp-content\/uploads\/basescertamenliterario2015.pdf\" target=\"_blank\" rel=\"noopener\">Bases XXVIII Certamen Literario 2015<\/a><\/strong>&nbsp;<strong><img decoding=\"async\" class=\"size-full wp-image-1932 alignnone\" src=\"http:\/\/www.cullarvega.com\/wp-content\/uploads\/2016\/02\/pdf.png\" alt=\"pdf\" width=\"43\" height=\"12\"><\/strong> .<\/p>\n\n\n\n<figure class=\"wp-block-image size-large\"><a href=\"https:\/\/cullarvega.com\/casa-cultura\/wp-content\/uploads\/2020\/07\/biblioteca.jpg\"><img fetchpriority=\"high\" decoding=\"async\" width=\"1024\" height=\"768\" src=\"https:\/\/cullarvega.com\/casa-cultura\/wp-content\/uploads\/2020\/07\/biblioteca-1024x768.jpg\" alt=\"\" class=\"wp-image-14104\" srcset=\"https:\/\/cullarvega.com\/casa-cultura\/wp-content\/uploads\/2020\/07\/biblioteca-1024x768.jpg 1024w, https:\/\/cullarvega.com\/casa-cultura\/wp-content\/uploads\/2020\/07\/biblioteca-300x225.jpg 300w, https:\/\/cullarvega.com\/casa-cultura\/wp-content\/uploads\/2020\/07\/biblioteca-768x576.jpg 768w, https:\/\/cullarvega.com\/casa-cultura\/wp-content\/uploads\/2020\/07\/biblioteca-600x450.jpg 600w, https:\/\/cullarvega.com\/casa-cultura\/wp-content\/uploads\/2020\/07\/biblioteca-560x420.jpg 560w, https:\/\/cullarvega.com\/casa-cultura\/wp-content\/uploads\/2020\/07\/biblioteca.jpg 1152w\" sizes=\"(max-width: 1024px) 100vw, 1024px\" \/><\/a><\/figure>\n","protected":false},"excerpt":{"rendered":"<p>En esta vig\u00e9simo octava edici\u00f3n se continuar\u00e1 con las modalidades de Relato Corto y poes\u00eda. Bases XXVIII Certamen Literario 2015&nbsp; .<\/p>\n","protected":false},"author":1,"featured_media":14103,"comment_status":"open","ping_status":"open","sticky":false,"template":"","format":"standard","meta":{"footnotes":""},"categories":[41],"tags":[],"class_list":["post-688","post","type-post","status-publish","format-standard","has-post-thumbnail","hentry","category-biblioteca"],"_links":{"self":[{"href":"https:\/\/cullarvega.com\/casa-cultura\/wp-json\/wp\/v2\/posts\/688","targetHints":{"allow":["GET"]}}],"collection":[{"href":"https:\/\/cullarvega.com\/casa-cultura\/wp-json\/wp\/v2\/posts"}],"about":[{"href":"https:\/\/cullarvega.com\/casa-cultura\/wp-json\/wp\/v2\/types\/post"}],"author":[{"embeddable":true,"href":"https:\/\/cullarvega.com\/casa-cultura\/wp-json\/wp\/v2\/users\/1"}],"replies":[{"embeddable":true,"href":"https:\/\/cullarvega.com\/casa-cultura\/wp-json\/wp\/v2\/comments?post=688"}],"version-history":[{"count":2,"href":"https:\/\/cullarvega.com\/casa-cultura\/wp-json\/wp\/v2\/posts\/688\/revisions"}],"predecessor-version":[{"id":20364,"href":"https:\/\/cullarvega.com\/casa-cultura\/wp-json\/wp\/v2\/posts\/688\/revisions\/20364"}],"wp:featuredmedia":[{"embeddable":true,"href":"https:\/\/cullarvega.com\/casa-cultura\/wp-json\/wp\/v2\/media\/14103"}],"wp:attachment":[{"href":"https:\/\/cullarvega.com\/casa-cultura\/wp-json\/wp\/v2\/media?parent=688"}],"wp:term":[{"taxonomy":"category","embeddable":true,"href":"https:\/\/cullarvega.com\/casa-cultura\/wp-json\/wp\/v2\/categories?post=688"},{"taxonomy":"post_tag","embeddable":true,"href":"https:\/\/cullarvega.com\/casa-cultura\/wp-json\/wp\/v2\/tags?post=688"}],"curies":[{"name":"wp","href":"https:\/\/api.w.org\/{rel}","templated":true}]}}