{"id":6713,"date":"2019-03-29T10:00:45","date_gmt":"2019-03-29T09:00:45","guid":{"rendered":"https:\/\/www.cullarvega.com\/?p=6713"},"modified":"2023-01-11T06:53:18","modified_gmt":"2023-01-11T06:53:18","slug":"el-centro-guadalinfo-abre-el-primer-gabinete-movil","status":"publish","type":"post","link":"https:\/\/cullarvega.com\/casa-cultura\/el-centro-guadalinfo-abre-el-primer-gabinete-movil\/","title":{"rendered":"El Centro Guadalinfo abre el primer \u00abGabinete M\u00f3vil\u00bb"},"content":{"rendered":"\n<h2 class=\"wp-block-heading\">Con esta iniciativa y dentro del proyecto Salud-Tic, el Centro Guadalinfo abre un espacio semanal y peri\u00f3dico para que asistan todas aquellos\/as que necesiten asesoramiento puntual en el manejo de su m\u00f3vil o aplicaciones.<\/h2>\n\n\n\n<hr class=\"wp-block-separator has-alpha-channel-opacity\"\/>\n\n\n\n<blockquote class=\"wp-block-quote is-layout-flow wp-block-quote-is-layout-flow\">\n<p class=\"has-text-align-center\"><span style=\"font-size: 19px;\">\u00bfNo sabes utilizar una aplicaci\u00f3n?, \u00bfquieres a\u00f1adir un contacto?, \u00bfnecesitas conectarte a WIFI?, \u00bfquieres pedir cita m\u00e9dica a trav\u00e9s de tu m\u00f3vil? ..<\/span><\/p>\n\n\n\n<p class=\"has-text-align-center\"><span style=\"font-size: 19px;\">No lo dudes y ven al GABINETE M\u00d3VIL y te asesoraremos en el manejo de tu m\u00f3vil.<\/span><\/p>\n<\/blockquote>\n\n\n\n<p class=\"has-text-align-center\">A partir del pr\u00f3ximo 3 de abril se abre la consulta <span style=\"font-size: 22px;\"><strong>TODOS LOS MI\u00c9RCOLES<\/strong><\/span> y en horario de <strong><span style=\"font-size: 22px;\">12:00 a 13:30 <\/span><\/strong>y <span style=\"font-size: 22px;\"><strong>SIN CITA PREVIA<\/strong><\/span><\/p>\n\n\n\n<p class=\"has-text-align-center\"><span style=\"color: #ff0000; font-size: 21px;\"><strong><em>\u00a1\u00a1IMPORTANTE!! No se arreglan m\u00f3viles &#8230; <span style=\"color: #000000;\">te asesoramos en su funcionamiento<\/span><\/em><\/strong><\/span><\/p>\n\n\n\n<p><strong>RECUERDA<\/strong>:<\/p>\n\n\n\n<ul class=\"wp-block-list\">\n<li><strong>D\u00eda<\/strong>: TODOS LOS MI\u00c9RCOLES<\/li>\n\n\n\n<li><strong>Horario:<\/strong> 12:00 a 13:30 h.<\/li>\n\n\n\n<li><strong>Lugar<\/strong>: Centro Guadalinfo de C\u00fallar Vega (Casa de la Cultura de C\u00fallar Vega 1\u00aa planta)<\/li>\n\n\n\n<li><strong>Tel\u00e9fono de informaci\u00f3n:<\/strong> 683 15 01 02<\/li>\n\n\n\n<li>Se atender\u00e1n <strong>seg\u00fan orden de llegada<\/strong> a los interesados\/as<\/li>\n<\/ul>\n\n\n<div class=\"wp-block-image\">\n<figure class=\"aligncenter size-large\"><a href=\"https:\/\/cullarvega.com\/casa-cultura\/wp-content\/uploads\/2023\/01\/gabinete-movil-scaled.jpg\"><img fetchpriority=\"high\" decoding=\"async\" width=\"724\" height=\"1024\" src=\"https:\/\/cullarvega.com\/casa-cultura\/wp-content\/uploads\/2023\/01\/gabinete-movil-724x1024.jpg\" alt=\"\" class=\"wp-image-20488\" srcset=\"https:\/\/cullarvega.com\/casa-cultura\/wp-content\/uploads\/2023\/01\/gabinete-movil-724x1024.jpg 724w, https:\/\/cullarvega.com\/casa-cultura\/wp-content\/uploads\/2023\/01\/gabinete-movil-212x300.jpg 212w, https:\/\/cullarvega.com\/casa-cultura\/wp-content\/uploads\/2023\/01\/gabinete-movil-768x1086.jpg 768w, https:\/\/cullarvega.com\/casa-cultura\/wp-content\/uploads\/2023\/01\/gabinete-movil-1086x1536.jpg 1086w, https:\/\/cullarvega.com\/casa-cultura\/wp-content\/uploads\/2023\/01\/gabinete-movil-1448x2048.jpg 1448w, https:\/\/cullarvega.com\/casa-cultura\/wp-content\/uploads\/2023\/01\/gabinete-movil-424x600.jpg 424w, https:\/\/cullarvega.com\/casa-cultura\/wp-content\/uploads\/2023\/01\/gabinete-movil-396x560.jpg 396w, https:\/\/cullarvega.com\/casa-cultura\/wp-content\/uploads\/2023\/01\/gabinete-movil-scaled.jpg 1810w\" sizes=\"(max-width: 724px) 100vw, 724px\" \/><\/a><\/figure>\n<\/div>","protected":false},"excerpt":{"rendered":"<p>Con esta iniciativa y dentro del proyecto Salud-Tic, el Centro Guadalinfo abre un espacio semanal y peri\u00f3dico para que asistan todas aquellos\/as que necesiten asesoramiento puntual en el manejo de su m\u00f3vil o aplicaciones. \u00bfNo sabes utilizar una aplicaci\u00f3n?, \u00bfquieres a\u00f1adir un contacto?, \u00bfnecesitas conectarte a WIFI?, \u00bfquieres pedir cita m\u00e9dica a trav\u00e9s de tu [&hellip;]<\/p>\n","protected":false},"author":1,"featured_media":20488,"comment_status":"open","ping_status":"open","sticky":false,"template":"","format":"standard","meta":{"footnotes":""},"categories":[43],"tags":[],"class_list":["post-6713","post","type-post","status-publish","format-standard","has-post-thumbnail","hentry","category-punto-vuela"],"_links":{"self":[{"href":"https:\/\/cullarvega.com\/casa-cultura\/wp-json\/wp\/v2\/posts\/6713","targetHints":{"allow":["GET"]}}],"collection":[{"href":"https:\/\/cullarvega.com\/casa-cultura\/wp-json\/wp\/v2\/posts"}],"about":[{"href":"https:\/\/cullarvega.com\/casa-cultura\/wp-json\/wp\/v2\/types\/post"}],"author":[{"embeddable":true,"href":"https:\/\/cullarvega.com\/casa-cultura\/wp-json\/wp\/v2\/users\/1"}],"replies":[{"embeddable":true,"href":"https:\/\/cullarvega.com\/casa-cultura\/wp-json\/wp\/v2\/comments?post=6713"}],"version-history":[{"count":2,"href":"https:\/\/cullarvega.com\/casa-cultura\/wp-json\/wp\/v2\/posts\/6713\/revisions"}],"predecessor-version":[{"id":20489,"href":"https:\/\/cullarvega.com\/casa-cultura\/wp-json\/wp\/v2\/posts\/6713\/revisions\/20489"}],"wp:featuredmedia":[{"embeddable":true,"href":"https:\/\/cullarvega.com\/casa-cultura\/wp-json\/wp\/v2\/media\/20488"}],"wp:attachment":[{"href":"https:\/\/cullarvega.com\/casa-cultura\/wp-json\/wp\/v2\/media?parent=6713"}],"wp:term":[{"taxonomy":"category","embeddable":true,"href":"https:\/\/cullarvega.com\/casa-cultura\/wp-json\/wp\/v2\/categories?post=6713"},{"taxonomy":"post_tag","embeddable":true,"href":"https:\/\/cullarvega.com\/casa-cultura\/wp-json\/wp\/v2\/tags?post=6713"}],"curies":[{"name":"wp","href":"https:\/\/api.w.org\/{rel}","templated":true}]}}