{"id":6604,"date":"2019-02-18T14:06:10","date_gmt":"2019-02-18T13:06:10","guid":{"rendered":"https:\/\/www.cullarvega.com\/?p=6604"},"modified":"2023-01-11T06:53:50","modified_gmt":"2023-01-11T06:53:50","slug":"cullar-vega-premia-a-sus-servicios-municipales-de-guadalinfo-biblioteca-y-ayuda-a-domicilio","status":"publish","type":"post","link":"https:\/\/cullarvega.com\/casa-cultura\/cullar-vega-premia-a-sus-servicios-municipales-de-guadalinfo-biblioteca-y-ayuda-a-domicilio\/","title":{"rendered":"C\u00fallar Vega premia a sus servicios municipales de Guadalinfo, biblioteca y ayuda a domicilio"},"content":{"rendered":"\n<h2 class=\"wp-block-heading\">El Ayuntamiento hace p\u00fablicos los galardonados con la Bandera de Andaluc\u00eda<\/h2>\n\n\n\n<hr class=\"wp-block-separator has-alpha-channel-opacity\"\/>\n\n\n\n<p>El Ayuntamiento de C\u00fallar Vega ha otorgado la <strong>Bandera de Andaluc\u00eda<\/strong> a los Servicios Municipales de <strong>Guadalinfo<\/strong>, <strong>Biblioteca<\/strong> y <strong>Ayuda<\/strong> a <strong>Domicilio<\/strong> \u201c<em>por la important\u00edsima labor social que realizan en nuestro pueblo, y que dinamizan el uso de las nuevas tecnolog\u00edas, la cultura y el bienestar de nuestras personas dependientes<\/em>\u201d, se\u00f1ala el alcalde de C\u00fallar Vega, <strong>Jorge S\u00e1nchez.<\/strong><\/p>\n\n\n\n<p>El municipio entregar\u00e1 estos galardones en el transcurso del acto del D\u00eda de Andaluc\u00eda, que celebrar\u00e1 el <strong>pr\u00f3ximo 27 de febrero<\/strong> en el teatro municipal de la Casa de la Cultura. Estos premios suponen el m\u00e1ximo reconocimiento que otorga el Consistorio cada a\u00f1o.<\/p>\n\n\n\n<p>El Ayuntamiento cullero tambi\u00e9n ha premiado al negocio local <strong>Moda Infantil Mabe,<\/strong> \u201c<em>por su trayectoria como Comercio Local Familiar, vistiendo a varias generaciones de culleros desde hace d\u00e9cadas<\/em>\u201d.<\/p>\n\n\n\n<p>En el \u00e1mbito del deporte, el Consistorio ha reconocido al <strong>Club de Balonmano Vega de Granada<\/strong> \u201c<em>por el fomento de esta disciplina deportiva, hasta hace poco a\u00f1os minoritaria en nuestro municipio, entre decenas de escolares y adultos<\/em>\u201d.<\/p>\n\n\n\n<p>En \u00faltimo lugar, C\u00fallar Vega ha premiado el Proyecto de Intercambio educativo \u00ab<strong>Be The Change<\/strong>\u00bb del IES Arabuleila \u201c<em>por fomentar la convivencia de escolares de C\u00fallar Vega con alumnos de otros centros extranjeros<\/em>\u201d.<\/p>\n\n\n\n<p>El alcalde cullero ha felicitado a todos los premiados, \u201c<em>que suponen el mejor exponente de nuestro municipio, y a quienes agradecemos la labor que realizan, cada uno en su \u00e1mbito, para mejorar la vida de nuestros vecinos<\/em>\u201d.<\/p>\n\n\n<div class=\"wp-block-image wp-image-6605 size-full\">\n<figure class=\"aligncenter size-large\"><a href=\"https:\/\/cullarvega.com\/casa-cultura\/wp-content\/uploads\/2023\/01\/2018-01-31-PHOTO-00010821.jpg\"><img fetchpriority=\"high\" decoding=\"async\" width=\"1024\" height=\"576\" src=\"https:\/\/cullarvega.com\/casa-cultura\/wp-content\/uploads\/2023\/01\/2018-01-31-PHOTO-00010821-1024x576.jpg\" alt=\"\" class=\"wp-image-20492\" srcset=\"https:\/\/cullarvega.com\/casa-cultura\/wp-content\/uploads\/2023\/01\/2018-01-31-PHOTO-00010821-1024x576.jpg 1024w, https:\/\/cullarvega.com\/casa-cultura\/wp-content\/uploads\/2023\/01\/2018-01-31-PHOTO-00010821-300x169.jpg 300w, https:\/\/cullarvega.com\/casa-cultura\/wp-content\/uploads\/2023\/01\/2018-01-31-PHOTO-00010821-768x432.jpg 768w, https:\/\/cullarvega.com\/casa-cultura\/wp-content\/uploads\/2023\/01\/2018-01-31-PHOTO-00010821-600x338.jpg 600w, https:\/\/cullarvega.com\/casa-cultura\/wp-content\/uploads\/2023\/01\/2018-01-31-PHOTO-00010821-560x315.jpg 560w, https:\/\/cullarvega.com\/casa-cultura\/wp-content\/uploads\/2023\/01\/2018-01-31-PHOTO-00010821.jpg 1328w\" sizes=\"(max-width: 1024px) 100vw, 1024px\" \/><\/a><figcaption class=\"wp-element-caption\">En la foto, el alcalde y los concejales de Cultura y Deportes, junto al responsable de la biblioteca municipal.<\/figcaption><\/figure>\n<\/div>","protected":false},"excerpt":{"rendered":"<p>El Ayuntamiento hace p\u00fablicos los galardonados con la Bandera de Andaluc\u00eda El Ayuntamiento de C\u00fallar Vega ha otorgado la Bandera de Andaluc\u00eda a los Servicios Municipales de Guadalinfo, Biblioteca y Ayuda a Domicilio \u201cpor la important\u00edsima labor social que realizan en nuestro pueblo, y que dinamizan el uso de las nuevas tecnolog\u00edas, la cultura y [&hellip;]<\/p>\n","protected":false},"author":1,"featured_media":20492,"comment_status":"open","ping_status":"open","sticky":false,"template":"","format":"standard","meta":{"footnotes":""},"categories":[41,43],"tags":[],"class_list":["post-6604","post","type-post","status-publish","format-standard","has-post-thumbnail","hentry","category-biblioteca","category-punto-vuela"],"_links":{"self":[{"href":"https:\/\/cullarvega.com\/casa-cultura\/wp-json\/wp\/v2\/posts\/6604","targetHints":{"allow":["GET"]}}],"collection":[{"href":"https:\/\/cullarvega.com\/casa-cultura\/wp-json\/wp\/v2\/posts"}],"about":[{"href":"https:\/\/cullarvega.com\/casa-cultura\/wp-json\/wp\/v2\/types\/post"}],"author":[{"embeddable":true,"href":"https:\/\/cullarvega.com\/casa-cultura\/wp-json\/wp\/v2\/users\/1"}],"replies":[{"embeddable":true,"href":"https:\/\/cullarvega.com\/casa-cultura\/wp-json\/wp\/v2\/comments?post=6604"}],"version-history":[{"count":2,"href":"https:\/\/cullarvega.com\/casa-cultura\/wp-json\/wp\/v2\/posts\/6604\/revisions"}],"predecessor-version":[{"id":20493,"href":"https:\/\/cullarvega.com\/casa-cultura\/wp-json\/wp\/v2\/posts\/6604\/revisions\/20493"}],"wp:featuredmedia":[{"embeddable":true,"href":"https:\/\/cullarvega.com\/casa-cultura\/wp-json\/wp\/v2\/media\/20492"}],"wp:attachment":[{"href":"https:\/\/cullarvega.com\/casa-cultura\/wp-json\/wp\/v2\/media?parent=6604"}],"wp:term":[{"taxonomy":"category","embeddable":true,"href":"https:\/\/cullarvega.com\/casa-cultura\/wp-json\/wp\/v2\/categories?post=6604"},{"taxonomy":"post_tag","embeddable":true,"href":"https:\/\/cullarvega.com\/casa-cultura\/wp-json\/wp\/v2\/tags?post=6604"}],"curies":[{"name":"wp","href":"https:\/\/api.w.org\/{rel}","templated":true}]}}