{"id":6585,"date":"2019-02-12T18:53:21","date_gmt":"2019-02-12T17:53:21","guid":{"rendered":"https:\/\/www.cullarvega.com\/?p=6585"},"modified":"2023-01-11T06:54:05","modified_gmt":"2023-01-11T06:54:05","slug":"primer-scape-room-para-ninos-as-en-el-centro-guadalinfo-de-cullar-vega","status":"publish","type":"post","link":"https:\/\/cullarvega.com\/casa-cultura\/primer-scape-room-para-ninos-as-en-el-centro-guadalinfo-de-cullar-vega\/","title":{"rendered":"Primer Scape Room para ni\u00f1os\/as en el Centro Guadalinfo de C\u00fallar Vega"},"content":{"rendered":"\n<h2 class=\"wp-block-heading\">Encuentra junto a tus amigos\/as las pistas que os permitir\u00e1 abrir el Cofre del Tesoro del \u00abCapit\u00e1n Barba-Cutre\u00bb.<\/h2>\n\n\n\n<hr class=\"wp-block-separator has-alpha-channel-opacity\"\/>\n\n\n\n<p>El <strong>Centro Guadalinfo de C\u00fallar Vega<\/strong> presenta una <strong>Gran Aventura<\/strong> en la que un grupo de ni\u00f1os\/as de entre 6 a 12 a\u00f1os tendr\u00e1n que realizar una serie de <strong>actividades<\/strong> y <strong>juegos<\/strong> en los que utilizar\u00e1n las nuevas tecnolog\u00edas y sus conocimientos deductivos para encontrar un c\u00f3digo que abra el cofre con el tesoro robado por el malvado Pirata el \u00abCapit\u00e1n Barba-Cutre\u00bb.<\/p>\n\n\n\n<p>El Scape Room consistir\u00e1 en b\u00fasquedas de <strong>pistas<\/strong>, resoluci\u00f3n de <strong>jerogl\u00edficos<\/strong>, problemas <strong>matem\u00e1ticos<\/strong>, desciframiento de <strong>mensajes encriptados<\/strong>, <strong>pruebas<\/strong> <strong>l\u00f3gicas<\/strong>, <strong>puzzles<\/strong>, etc&#8230; y siempre con ayuda de las TIC\u00b4s y el Agente de Innovaci\u00f3n del Centro Guadalinfo. Las pruebas se realizar\u00e1n a contrarreloj y con <strong>ambientaci\u00f3n<\/strong> <strong>Musical y Efectos de V\u00eddeo <\/strong>para generar un ambiente de aventura.<\/p>\n\n\n\n<p>En el Scape Room podr\u00e1 participar un <strong>s\u00f3lo grupo<\/strong> o bien enfrentarse<strong> 2 Grupos el mismo d\u00eda<\/strong>. Los grupos podr\u00e1n estar conformados por ni\u00f1os y ni\u00f1as de diferentes edades y con un<strong> m\u00ednimo de 2<\/strong> y un <strong>m\u00e1ximo de 5 integrantes<\/strong>. Cada grupo elegir\u00e1 un o una portavoz que representar\u00e1 la figura del <strong>l\u00edder<\/strong> y ser\u00e1 la encargada de establecer comunicaci\u00f3n con el dinamizador del Scape Room. Se realizar\u00e1n tantos Scape Room como grupos se monten&#8230;de ah\u00ed que no haya <strong>fechas<\/strong> ni <strong>horarios<\/strong> establecidos ya que se concretar\u00e1n a demanda conforme se vayan organizando los grupo.<\/p>\n\n\n\n<ul class=\"wp-block-list\">\n<li><strong>Informaci\u00f3n<\/strong>: WhatsaApp <a href=\"tel:\/\/683 15 01 02\">683 15 01 02<\/a><\/li>\n\n\n\n<li><strong>Gratuito<\/strong><\/li>\n\n\n\n<li><strong>Duraci\u00f3n:<\/strong> 1 h m\u00e1ximo<\/li>\n\n\n\n<li><strong>Matriculaci\u00f3n Online<\/strong>: <a href=\"https:\/\/goo.gl\/forms\/nhg5E1VKlSz69bcp1\">https:\/\/goo.gl\/forms\/nhg5E1VKlSz69bcp1<\/a><\/li>\n\n\n\n<li><strong>D\u00eda y Hora<\/strong>: el padre\/madre\/tutor@ representante de cada grupo y el Agente de Innovaci\u00f3n del Centro Guadalinfo se pondr\u00e1n de acuerdo en el d\u00eda y hora siempre con 7 d\u00edas m\u00ednimo de antelaci\u00f3n para su correcta organizaci\u00f3n.<\/li>\n<\/ul>\n\n\n<div class=\"wp-block-image\">\n<figure class=\"aligncenter size-large\"><a href=\"https:\/\/cullarvega.com\/casa-cultura\/wp-content\/uploads\/2023\/01\/SCAPE-ROOM.jpg\"><img fetchpriority=\"high\" decoding=\"async\" width=\"1024\" height=\"576\" src=\"https:\/\/cullarvega.com\/casa-cultura\/wp-content\/uploads\/2023\/01\/SCAPE-ROOM-1024x576.jpg\" alt=\"\" class=\"wp-image-20494\" srcset=\"https:\/\/cullarvega.com\/casa-cultura\/wp-content\/uploads\/2023\/01\/SCAPE-ROOM-1024x576.jpg 1024w, https:\/\/cullarvega.com\/casa-cultura\/wp-content\/uploads\/2023\/01\/SCAPE-ROOM-300x169.jpg 300w, https:\/\/cullarvega.com\/casa-cultura\/wp-content\/uploads\/2023\/01\/SCAPE-ROOM-768x432.jpg 768w, https:\/\/cullarvega.com\/casa-cultura\/wp-content\/uploads\/2023\/01\/SCAPE-ROOM-1536x864.jpg 1536w, https:\/\/cullarvega.com\/casa-cultura\/wp-content\/uploads\/2023\/01\/SCAPE-ROOM-600x338.jpg 600w, https:\/\/cullarvega.com\/casa-cultura\/wp-content\/uploads\/2023\/01\/SCAPE-ROOM-560x315.jpg 560w, https:\/\/cullarvega.com\/casa-cultura\/wp-content\/uploads\/2023\/01\/SCAPE-ROOM.jpg 1920w\" sizes=\"(max-width: 1024px) 100vw, 1024px\" \/><\/a><\/figure>\n<\/div>","protected":false},"excerpt":{"rendered":"<p>Encuentra junto a tus amigos\/as las pistas que os permitir\u00e1 abrir el Cofre del Tesoro del \u00abCapit\u00e1n Barba-Cutre\u00bb. El Centro Guadalinfo de C\u00fallar Vega presenta una Gran Aventura en la que un grupo de ni\u00f1os\/as de entre 6 a 12 a\u00f1os tendr\u00e1n que realizar una serie de actividades y juegos en los que utilizar\u00e1n las [&hellip;]<\/p>\n","protected":false},"author":1,"featured_media":20494,"comment_status":"open","ping_status":"open","sticky":false,"template":"","format":"standard","meta":{"footnotes":""},"categories":[43],"tags":[],"class_list":["post-6585","post","type-post","status-publish","format-standard","has-post-thumbnail","hentry","category-punto-vuela"],"_links":{"self":[{"href":"https:\/\/cullarvega.com\/casa-cultura\/wp-json\/wp\/v2\/posts\/6585","targetHints":{"allow":["GET"]}}],"collection":[{"href":"https:\/\/cullarvega.com\/casa-cultura\/wp-json\/wp\/v2\/posts"}],"about":[{"href":"https:\/\/cullarvega.com\/casa-cultura\/wp-json\/wp\/v2\/types\/post"}],"author":[{"embeddable":true,"href":"https:\/\/cullarvega.com\/casa-cultura\/wp-json\/wp\/v2\/users\/1"}],"replies":[{"embeddable":true,"href":"https:\/\/cullarvega.com\/casa-cultura\/wp-json\/wp\/v2\/comments?post=6585"}],"version-history":[{"count":2,"href":"https:\/\/cullarvega.com\/casa-cultura\/wp-json\/wp\/v2\/posts\/6585\/revisions"}],"predecessor-version":[{"id":20495,"href":"https:\/\/cullarvega.com\/casa-cultura\/wp-json\/wp\/v2\/posts\/6585\/revisions\/20495"}],"wp:featuredmedia":[{"embeddable":true,"href":"https:\/\/cullarvega.com\/casa-cultura\/wp-json\/wp\/v2\/media\/20494"}],"wp:attachment":[{"href":"https:\/\/cullarvega.com\/casa-cultura\/wp-json\/wp\/v2\/media?parent=6585"}],"wp:term":[{"taxonomy":"category","embeddable":true,"href":"https:\/\/cullarvega.com\/casa-cultura\/wp-json\/wp\/v2\/categories?post=6585"},{"taxonomy":"post_tag","embeddable":true,"href":"https:\/\/cullarvega.com\/casa-cultura\/wp-json\/wp\/v2\/tags?post=6585"}],"curies":[{"name":"wp","href":"https:\/\/api.w.org\/{rel}","templated":true}]}}