{"id":6453,"date":"2019-01-14T10:47:29","date_gmt":"2019-01-14T10:47:29","guid":{"rendered":"https:\/\/www.cullarvega.com\/?p=6453"},"modified":"2023-01-11T06:54:50","modified_gmt":"2023-01-11T06:54:50","slug":"cullar-vega-abrira-sus-salas-de-estudio-durante-todo-el-ano","status":"publish","type":"post","link":"https:\/\/cullarvega.com\/casa-cultura\/cullar-vega-abrira-sus-salas-de-estudio-durante-todo-el-ano\/","title":{"rendered":"C\u00fallar Vega abrir\u00e1 sus salas de estudio durante todo el a\u00f1o"},"content":{"rendered":"\n<h2 class=\"wp-block-heading\">El Ayuntamiento habilita tres salas distintas en la Casa de la Cultura para que los culleros puedan preparar sus ex\u00e1menes de lunes a viernes por la ma\u00f1ana y por la tarde<\/h2>\n\n\n\n<hr class=\"wp-block-separator has-alpha-channel-opacity\"\/>\n\n\n\n<p>Los j\u00f3venes de C\u00fallar Vega, y tambi\u00e9n todos aquellos vecinos que se est\u00e9n preparando unas oposiciones, no tendr\u00e1n que desplazarse hasta otros municipios para poder preparar sus ex\u00e1menes.<\/p>\n\n\n\n<p>La <strong>Concejal\u00eda de Cultura<\/strong> ha habilitado <strong>tres salas de estudio diferentes<\/strong> en la<strong> Casa de la Cultura<\/strong>, que a partir de ahora abrir\u00e1n durante<strong> todo el a\u00f1o de lunes a viernes<\/strong>, por la <strong>ma\u00f1ana<\/strong> y por la <strong>tarde<\/strong>. Un lugar adaptado para que los estudiantes puedan concentrarse y preparar sus ex\u00e1menes, de 9 a 14 horas y de 16 a 20,30 horas.<\/p>\n\n\n\n<p>Como explica la concejala de Cultura de C\u00fallar Vega,<strong> M\u00aa \u00c1ngeles Polo<\/strong>, con esta medida \u201c<em>el Consistorio pretende dar respuesta a las numerosas peticiones que hemos recibido de alumnos universitarios, de bachiller y estudiantes de oposiciones, que nos ped\u00edan un lugar para poder preparar sus ex\u00e1menes durante todo el a\u00f1o, y no solo en la \u00e9poca de ex\u00e1menes<\/em>\u201d.<\/p>\n\n\n\n<p><strong>20 PUESTOS DE LECTURA<\/strong><\/p>\n\n\n\n<p>La<strong> sala de estudio de C\u00fallar Vega<\/strong> est\u00e1 ubicada en la Casa de la Cultura, dentro de la <strong>biblioteca<\/strong>, donde tras la reforma llevada a cabo se ha aislado de la zona infantil y atenci\u00f3n al usuario, haci\u00e9ndola m\u00e1s operativa y silenciosa.<\/p>\n\n\n\n<p>Cuenta con conexi\u00f3n wifi <em>\u201cpara que los usuarios puedan utilizar internet de forma totalmente gratuita<\/em>\u201d, adem\u00e1s de calefacci\u00f3n para el invierno y aire acondicionado para combatir las altas temperaturas del verano. Esta sala cuenta con una veintena de puestos de lectura, aproximadamente.<\/p>\n\n\n\n<p>Adem\u00e1s de ella, el Ayuntamiento ha habilitado tambi\u00e9n para el estudio el <strong>aula 1<\/strong> de la Casa de la Cultura, que abrir\u00e1 los <strong>viernes<\/strong> por la <strong>tarde<\/strong>, adem\u00e1s de la biblioteca municipal, que continuar\u00e1 con su horario habitual.<\/p>\n\n\n<div class=\"wp-block-image\">\n<figure class=\"aligncenter size-full\"><img fetchpriority=\"high\" decoding=\"async\" width=\"841\" height=\"631\" src=\"https:\/\/cullarvega.com\/casa-cultura\/wp-content\/uploads\/2023\/01\/Sala-de-estudio.jpg\" alt=\"\" class=\"wp-image-20501\" srcset=\"https:\/\/cullarvega.com\/casa-cultura\/wp-content\/uploads\/2023\/01\/Sala-de-estudio.jpg 841w, https:\/\/cullarvega.com\/casa-cultura\/wp-content\/uploads\/2023\/01\/Sala-de-estudio-300x225.jpg 300w, https:\/\/cullarvega.com\/casa-cultura\/wp-content\/uploads\/2023\/01\/Sala-de-estudio-768x576.jpg 768w, https:\/\/cullarvega.com\/casa-cultura\/wp-content\/uploads\/2023\/01\/Sala-de-estudio-600x450.jpg 600w, https:\/\/cullarvega.com\/casa-cultura\/wp-content\/uploads\/2023\/01\/Sala-de-estudio-560x420.jpg 560w\" sizes=\"(max-width: 841px) 100vw, 841px\" \/><\/figure>\n<\/div>","protected":false},"excerpt":{"rendered":"<p>El Ayuntamiento habilita tres salas distintas en la Casa de la Cultura para que los culleros puedan preparar sus ex\u00e1menes de lunes a viernes por la ma\u00f1ana y por la tarde Los j\u00f3venes de C\u00fallar Vega, y tambi\u00e9n todos aquellos vecinos que se est\u00e9n preparando unas oposiciones, no tendr\u00e1n que desplazarse hasta otros municipios para [&hellip;]<\/p>\n","protected":false},"author":1,"featured_media":20501,"comment_status":"open","ping_status":"open","sticky":false,"template":"","format":"standard","meta":{"footnotes":""},"categories":[41],"tags":[],"class_list":["post-6453","post","type-post","status-publish","format-standard","has-post-thumbnail","hentry","category-biblioteca"],"_links":{"self":[{"href":"https:\/\/cullarvega.com\/casa-cultura\/wp-json\/wp\/v2\/posts\/6453","targetHints":{"allow":["GET"]}}],"collection":[{"href":"https:\/\/cullarvega.com\/casa-cultura\/wp-json\/wp\/v2\/posts"}],"about":[{"href":"https:\/\/cullarvega.com\/casa-cultura\/wp-json\/wp\/v2\/types\/post"}],"author":[{"embeddable":true,"href":"https:\/\/cullarvega.com\/casa-cultura\/wp-json\/wp\/v2\/users\/1"}],"replies":[{"embeddable":true,"href":"https:\/\/cullarvega.com\/casa-cultura\/wp-json\/wp\/v2\/comments?post=6453"}],"version-history":[{"count":2,"href":"https:\/\/cullarvega.com\/casa-cultura\/wp-json\/wp\/v2\/posts\/6453\/revisions"}],"predecessor-version":[{"id":20502,"href":"https:\/\/cullarvega.com\/casa-cultura\/wp-json\/wp\/v2\/posts\/6453\/revisions\/20502"}],"wp:featuredmedia":[{"embeddable":true,"href":"https:\/\/cullarvega.com\/casa-cultura\/wp-json\/wp\/v2\/media\/20501"}],"wp:attachment":[{"href":"https:\/\/cullarvega.com\/casa-cultura\/wp-json\/wp\/v2\/media?parent=6453"}],"wp:term":[{"taxonomy":"category","embeddable":true,"href":"https:\/\/cullarvega.com\/casa-cultura\/wp-json\/wp\/v2\/categories?post=6453"},{"taxonomy":"post_tag","embeddable":true,"href":"https:\/\/cullarvega.com\/casa-cultura\/wp-json\/wp\/v2\/tags?post=6453"}],"curies":[{"name":"wp","href":"https:\/\/api.w.org\/{rel}","templated":true}]}}