{"id":6223,"date":"2018-12-10T09:19:01","date_gmt":"2018-12-10T08:19:01","guid":{"rendered":"http:\/\/www.cullarvega.com\/?p=6223"},"modified":"2023-01-09T16:22:20","modified_gmt":"2023-01-09T16:22:20","slug":"escribe-tu-carta-a-los-reyes-magos-o-papa-noel-en-guadalinfo","status":"publish","type":"post","link":"https:\/\/cullarvega.com\/casa-cultura\/escribe-tu-carta-a-los-reyes-magos-o-papa-noel-en-guadalinfo\/","title":{"rendered":"Escribe tu Carta a los Reyes Magos o Papa N\u00f6el en Guadalinfo"},"content":{"rendered":"<p>Tras largas y arduas gestiones con sus <strong>Majestades<\/strong> los <strong>Reyes Magos<\/strong> de <strong>Oriente<\/strong> y <strong>Papa<\/strong> <strong>N\u00f6el<\/strong>, hemos conseguido crear un <strong>Buz\u00f3n Interactivo <\/strong>en el Centro Guadalinfo para que los m\u00e1s peque\u00f1os y los \u00abno tan peque\u00f1os\u00bb, puedan enviar f\u00e1cil y r\u00e1pidamente su carta interactiva desde nuestros ordenadores.<\/p>\n<p style=\"text-align: center;\"><span style=\"font-size: 22px;\">S\u00f3lo ten\u00e9is que pasaros los siguientes d\u00edas: <\/span><span style=\"font-size: 22px;\"><strong>11, 12, 18, 19<\/strong> y<strong> 20<\/strong> de diciembre de 2018 de <strong>17:00<\/strong> a<strong> 19:00<\/strong> h<\/span><\/p>\n<p style=\"text-align: center;\"><span style=\"font-size: 22px;\">en el <strong>Centro Guadalinfo de C\u00fallar Vega<\/strong> (https:\/\/goo.gl\/maps\/tWGT6G6s8FC2)<\/span><\/p>\n<p><img fetchpriority=\"high\" decoding=\"async\" class=\"aligncenter size-full wp-image-6224\" src=\"http:\/\/www.cullarvega.com\/wp-content\/uploads\/2018\/12\/pide-carta-reyes-magos-2018-2019-01.jpg\" alt=\"\" width=\"799\" height=\"410\" \/><\/p>\n<p>&nbsp;                                       <\/p>\n","protected":false},"excerpt":{"rendered":"<p>Tras largas y arduas gestiones con sus Majestades los Reyes Magos de Oriente y Papa N\u00f6el, hemos conseguido crear un Buz\u00f3n Interactivo en el Centro Guadalinfo para que los m\u00e1s peque\u00f1os y los \u00abno tan peque\u00f1os\u00bb, puedan enviar f\u00e1cil y r\u00e1pidamente su carta interactiva desde nuestros ordenadores. S\u00f3lo ten\u00e9is que pasaros los siguientes d\u00edas: 11, [&hellip;]<\/p>\n","protected":false},"author":1,"featured_media":6224,"comment_status":"open","ping_status":"open","sticky":false,"template":"","format":"standard","meta":{"footnotes":""},"categories":[43],"tags":[],"class_list":["post-6223","post","type-post","status-publish","format-standard","has-post-thumbnail","hentry","category-punto-vuela"],"_links":{"self":[{"href":"https:\/\/cullarvega.com\/casa-cultura\/wp-json\/wp\/v2\/posts\/6223","targetHints":{"allow":["GET"]}}],"collection":[{"href":"https:\/\/cullarvega.com\/casa-cultura\/wp-json\/wp\/v2\/posts"}],"about":[{"href":"https:\/\/cullarvega.com\/casa-cultura\/wp-json\/wp\/v2\/types\/post"}],"author":[{"embeddable":true,"href":"https:\/\/cullarvega.com\/casa-cultura\/wp-json\/wp\/v2\/users\/1"}],"replies":[{"embeddable":true,"href":"https:\/\/cullarvega.com\/casa-cultura\/wp-json\/wp\/v2\/comments?post=6223"}],"version-history":[{"count":1,"href":"https:\/\/cullarvega.com\/casa-cultura\/wp-json\/wp\/v2\/posts\/6223\/revisions"}],"predecessor-version":[{"id":20265,"href":"https:\/\/cullarvega.com\/casa-cultura\/wp-json\/wp\/v2\/posts\/6223\/revisions\/20265"}],"wp:featuredmedia":[{"embeddable":true,"href":"https:\/\/cullarvega.com\/casa-cultura\/wp-json\/"}],"wp:attachment":[{"href":"https:\/\/cullarvega.com\/casa-cultura\/wp-json\/wp\/v2\/media?parent=6223"}],"wp:term":[{"taxonomy":"category","embeddable":true,"href":"https:\/\/cullarvega.com\/casa-cultura\/wp-json\/wp\/v2\/categories?post=6223"},{"taxonomy":"post_tag","embeddable":true,"href":"https:\/\/cullarvega.com\/casa-cultura\/wp-json\/wp\/v2\/tags?post=6223"}],"curies":[{"name":"wp","href":"https:\/\/api.w.org\/{rel}","templated":true}]}}