{"id":5346,"date":"2018-06-20T09:30:14","date_gmt":"2018-06-20T07:30:14","guid":{"rendered":"http:\/\/www.cullarvega.com\/?p=5346"},"modified":"2026-01-28T09:10:32","modified_gmt":"2026-01-28T07:10:32","slug":"taller-de-programacion-de-videojuegos-con-scratch","status":"publish","type":"post","link":"https:\/\/cullarvega.com\/casa-cultura\/taller-de-programacion-de-videojuegos-con-scratch\/","title":{"rendered":"Taller de programaci\u00f3n de videojuegos con SCRATCH"},"content":{"rendered":"\n<h3 class=\"wp-block-heading\">Del 3 al 20 de Julio tendr\u00e1 lugar un taller de programaci\u00f3n de videojuegos con SCRATH dirigido a ni\u00f1os y ni\u00f1as de 8 a 12 a\u00f1os.<\/h3>\n\n\n\n<hr class=\"wp-block-separator has-alpha-channel-opacity\"\/>\n\n\n\n<p>Con este taller los ni\u00f1os\/as aprender\u00e1n a programas sus propios videojuegos reforzando as\u00ed sus habilidades mentales y el pensamiento computacional. Igualmente dise\u00f1ar\u00e1n en conjunto videojuegos<\/p>\n\n\n\n<ul class=\"wp-block-list\">\n<li><strong><b>PLAZAS MUY LIMITADAS \/ GRUPOS REDUCIDOS<\/b><\/strong><\/li>\n\n\n\n<li><strong>Dirigido a:&nbsp;<\/strong>ni\u00f1os\/as de 8 a 12 a\u00f1os aprox.<\/li>\n\n\n\n<li><b>Fecha<\/b>&nbsp;del 3 al 20 de julio de 2018\n<ul class=\"wp-block-list\">\n<li>Grupo 1 Martes y Jueves<\/li>\n\n\n\n<li>Grupo 2 Mi\u00e9rcoles y Viernes<\/li>\n<\/ul>\n<\/li>\n\n\n\n<li><strong>Lugar<\/strong>: Centro Guadalinfo de C\u00fallar Vega. Casa de la Cultura<\/li>\n\n\n\n<li><strong>Inscripci\u00f3n Online: <a href=\"https:\/\/goo.gl\/ekvfZz\" target=\"_blank\" rel=\"noopener\">https:\/\/goo.gl\/ekvfZz<\/a><\/strong><\/li>\n\n\n\n<li><strong>Informaci\u00f3n<\/strong>: Centro Guadalinfo de C\u00fallar Vega &#8211;&nbsp;Casa de la Cultura 1\u00aa planta (<a href=\"https:\/\/goo.gl\/maps\/kL8heAaRdh92\" target=\"_blank\" rel=\"noopener\">https:\/\/goo.gl\/maps\/kL8heAaRdh92<\/a>)<\/li>\n<\/ul>\n\n\n<div class=\"wp-block-image\">\n<figure class=\"aligncenter size-large\"><a href=\"https:\/\/cullarvega.com\/casa-cultura\/wp-content\/uploads\/2023\/01\/scratch-scaled.jpg\"><img fetchpriority=\"high\" decoding=\"async\" width=\"724\" height=\"1024\" src=\"https:\/\/cullarvega.com\/casa-cultura\/wp-content\/uploads\/2023\/01\/scratch-724x1024.jpg\" alt=\"\" class=\"wp-image-20442\" srcset=\"https:\/\/cullarvega.com\/casa-cultura\/wp-content\/uploads\/2023\/01\/scratch-724x1024.jpg 724w, https:\/\/cullarvega.com\/casa-cultura\/wp-content\/uploads\/2023\/01\/scratch-212x300.jpg 212w, https:\/\/cullarvega.com\/casa-cultura\/wp-content\/uploads\/2023\/01\/scratch-768x1086.jpg 768w, https:\/\/cullarvega.com\/casa-cultura\/wp-content\/uploads\/2023\/01\/scratch-1086x1536.jpg 1086w, https:\/\/cullarvega.com\/casa-cultura\/wp-content\/uploads\/2023\/01\/scratch-1448x2048.jpg 1448w, https:\/\/cullarvega.com\/casa-cultura\/wp-content\/uploads\/2023\/01\/scratch-424x600.jpg 424w, https:\/\/cullarvega.com\/casa-cultura\/wp-content\/uploads\/2023\/01\/scratch-396x560.jpg 396w, https:\/\/cullarvega.com\/casa-cultura\/wp-content\/uploads\/2023\/01\/scratch-scaled.jpg 1810w\" sizes=\"(max-width: 724px) 100vw, 724px\" \/><\/a><\/figure>\n<\/div>\n\n\n<p><\/p>\n","protected":false},"excerpt":{"rendered":"<p>Del 3 al 20 de Julio tendr\u00e1 lugar un taller de programaci\u00f3n de videojuegos con SCRATH dirigido a ni\u00f1os y ni\u00f1as de 8 a 12 a\u00f1os. Con este taller los ni\u00f1os\/as aprender\u00e1n a programas sus propios videojuegos reforzando as\u00ed sus habilidades mentales y el pensamiento computacional. Igualmente dise\u00f1ar\u00e1n en conjunto videojuegos<\/p>\n","protected":false},"author":1,"featured_media":20442,"comment_status":"open","ping_status":"open","sticky":false,"template":"","format":"standard","meta":{"footnotes":""},"categories":[43],"tags":[],"class_list":["post-5346","post","type-post","status-publish","format-standard","has-post-thumbnail","hentry","category-punto-vuela"],"_links":{"self":[{"href":"https:\/\/cullarvega.com\/casa-cultura\/wp-json\/wp\/v2\/posts\/5346","targetHints":{"allow":["GET"]}}],"collection":[{"href":"https:\/\/cullarvega.com\/casa-cultura\/wp-json\/wp\/v2\/posts"}],"about":[{"href":"https:\/\/cullarvega.com\/casa-cultura\/wp-json\/wp\/v2\/types\/post"}],"author":[{"embeddable":true,"href":"https:\/\/cullarvega.com\/casa-cultura\/wp-json\/wp\/v2\/users\/1"}],"replies":[{"embeddable":true,"href":"https:\/\/cullarvega.com\/casa-cultura\/wp-json\/wp\/v2\/comments?post=5346"}],"version-history":[{"count":3,"href":"https:\/\/cullarvega.com\/casa-cultura\/wp-json\/wp\/v2\/posts\/5346\/revisions"}],"predecessor-version":[{"id":22181,"href":"https:\/\/cullarvega.com\/casa-cultura\/wp-json\/wp\/v2\/posts\/5346\/revisions\/22181"}],"wp:featuredmedia":[{"embeddable":true,"href":"https:\/\/cullarvega.com\/casa-cultura\/wp-json\/wp\/v2\/media\/20442"}],"wp:attachment":[{"href":"https:\/\/cullarvega.com\/casa-cultura\/wp-json\/wp\/v2\/media?parent=5346"}],"wp:term":[{"taxonomy":"category","embeddable":true,"href":"https:\/\/cullarvega.com\/casa-cultura\/wp-json\/wp\/v2\/categories?post=5346"},{"taxonomy":"post_tag","embeddable":true,"href":"https:\/\/cullarvega.com\/casa-cultura\/wp-json\/wp\/v2\/tags?post=5346"}],"curies":[{"name":"wp","href":"https:\/\/api.w.org\/{rel}","templated":true}]}}