{"id":5253,"date":"2018-06-04T10:00:06","date_gmt":"2018-06-04T08:00:06","guid":{"rendered":"http:\/\/www.cullarvega.com\/?p=5253"},"modified":"2023-01-11T06:42:41","modified_gmt":"2023-01-11T06:42:41","slug":"charla-de-reclamaciones-de-consumo","status":"publish","type":"post","link":"https:\/\/cullarvega.com\/casa-cultura\/charla-de-reclamaciones-de-consumo\/","title":{"rendered":"Charla de \u00abReclamaciones de Consumo\u00bb"},"content":{"rendered":"\n<p>El&nbsp;<strong>Centro&nbsp;Guadalinfo<\/strong> de <strong>C\u00fallar<\/strong> <strong>Vega<\/strong>,&nbsp;junto a la&nbsp;<strong>OMIC&nbsp;&#8211;&nbsp;Oficina Municipal de Informaci\u00f3n al Consumidor<\/strong>, ha organizado una&nbsp;<strong>CHARLA&nbsp;<\/strong>sobre&nbsp;<strong>RECLAMACIONES DE CONSUMO<\/strong><strong>.<\/strong><\/p>\n\n\n\n<p>Si eres consumidor y quieres conocer los problemas m\u00e1s usuales, vuestros derechos como consumidores y a aprender a reclamar, p\u00e1sate a la Charla sobre Reclamaciones de Consumo el pr\u00f3ximo <strong>mi\u00e9rcoles 13 de Junio de 2018 a las 10:30 h<\/strong>.<\/p>\n\n\n\n<p class=\"has-text-align-center\"><strong>CHARLA DE RECLAMACIONES DE CONSUMO<\/strong><\/p>\n\n\n\n<ul class=\"wp-block-list\">\n<li><strong>D\u00eda<\/strong>: Mi\u00e9rcoles 13 de Junio de 2018<\/li>\n\n\n\n<li><strong>Horario<\/strong>: 10:30 a 12:30 h.<\/li>\n\n\n\n<li><strong>Lugar<\/strong>: Centro Guadalinfo de C\u00fallar Vega &#8211; Casa de la Cultura de C\u00fallar vega 1\u00aa planta:&nbsp;<a href=\"https:\/\/goo.gl\/maps\/z7CkR1YBVRR2\" target=\"_blank\" rel=\"noopener\">https:\/\/goo.gl\/maps\/z7CkR1YBVRR2<\/a><\/li>\n\n\n\n<li><strong>+Info:<\/strong> 683 15 01 02 | <a href=\"mailto:guadalinfo.cullarvega@guadalinfo.es\">guadalinfo.cullarvega@guadalinfo.es<\/a><\/li>\n<\/ul>\n\n\n<div class=\"wp-block-image\">\n<figure class=\"aligncenter size-large\"><img fetchpriority=\"high\" decoding=\"async\" width=\"724\" height=\"1024\" src=\"https:\/\/cullarvega.com\/casa-cultura\/wp-content\/uploads\/2023\/01\/reclamaciones-consumo-724x1024.jpg\" alt=\"\" class=\"wp-image-20438\" srcset=\"https:\/\/cullarvega.com\/casa-cultura\/wp-content\/uploads\/2023\/01\/reclamaciones-consumo-724x1024.jpg 724w, https:\/\/cullarvega.com\/casa-cultura\/wp-content\/uploads\/2023\/01\/reclamaciones-consumo-212x300.jpg 212w, https:\/\/cullarvega.com\/casa-cultura\/wp-content\/uploads\/2023\/01\/reclamaciones-consumo-768x1086.jpg 768w, https:\/\/cullarvega.com\/casa-cultura\/wp-content\/uploads\/2023\/01\/reclamaciones-consumo-1086x1536.jpg 1086w, https:\/\/cullarvega.com\/casa-cultura\/wp-content\/uploads\/2023\/01\/reclamaciones-consumo-1448x2048.jpg 1448w, https:\/\/cullarvega.com\/casa-cultura\/wp-content\/uploads\/2023\/01\/reclamaciones-consumo-424x600.jpg 424w, https:\/\/cullarvega.com\/casa-cultura\/wp-content\/uploads\/2023\/01\/reclamaciones-consumo-396x560.jpg 396w, https:\/\/cullarvega.com\/casa-cultura\/wp-content\/uploads\/2023\/01\/reclamaciones-consumo-scaled.jpg 1810w\" sizes=\"(max-width: 724px) 100vw, 724px\" \/><\/figure>\n<\/div>\n\n<div class=\"wp-block-image\">\n<figure class=\"aligncenter\"><img decoding=\"async\" src=\"http:\/\/www.cullarvega.com\/wp-content\/uploads\/2018\/06\/reclamaciones-consumo.jpg\" alt=\"\" class=\"wp-image-5256\"\/><\/figure>\n<\/div>","protected":false},"excerpt":{"rendered":"<p>El&nbsp;Centro&nbsp;Guadalinfo de C\u00fallar Vega,&nbsp;junto a la&nbsp;OMIC&nbsp;&#8211;&nbsp;Oficina Municipal de Informaci\u00f3n al Consumidor, ha organizado una&nbsp;CHARLA&nbsp;sobre&nbsp;RECLAMACIONES DE CONSUMO. Si eres consumidor y quieres conocer los problemas m\u00e1s usuales, vuestros derechos como consumidores y a aprender a reclamar, p\u00e1sate a la Charla sobre Reclamaciones de Consumo el pr\u00f3ximo mi\u00e9rcoles 13 de Junio de 2018 a las 10:30 h. [&hellip;]<\/p>\n","protected":false},"author":1,"featured_media":20438,"comment_status":"open","ping_status":"open","sticky":false,"template":"","format":"standard","meta":{"footnotes":""},"categories":[43],"tags":[],"class_list":["post-5253","post","type-post","status-publish","format-standard","has-post-thumbnail","hentry","category-punto-vuela"],"_links":{"self":[{"href":"https:\/\/cullarvega.com\/casa-cultura\/wp-json\/wp\/v2\/posts\/5253","targetHints":{"allow":["GET"]}}],"collection":[{"href":"https:\/\/cullarvega.com\/casa-cultura\/wp-json\/wp\/v2\/posts"}],"about":[{"href":"https:\/\/cullarvega.com\/casa-cultura\/wp-json\/wp\/v2\/types\/post"}],"author":[{"embeddable":true,"href":"https:\/\/cullarvega.com\/casa-cultura\/wp-json\/wp\/v2\/users\/1"}],"replies":[{"embeddable":true,"href":"https:\/\/cullarvega.com\/casa-cultura\/wp-json\/wp\/v2\/comments?post=5253"}],"version-history":[{"count":2,"href":"https:\/\/cullarvega.com\/casa-cultura\/wp-json\/wp\/v2\/posts\/5253\/revisions"}],"predecessor-version":[{"id":20439,"href":"https:\/\/cullarvega.com\/casa-cultura\/wp-json\/wp\/v2\/posts\/5253\/revisions\/20439"}],"wp:featuredmedia":[{"embeddable":true,"href":"https:\/\/cullarvega.com\/casa-cultura\/wp-json\/wp\/v2\/media\/20438"}],"wp:attachment":[{"href":"https:\/\/cullarvega.com\/casa-cultura\/wp-json\/wp\/v2\/media?parent=5253"}],"wp:term":[{"taxonomy":"category","embeddable":true,"href":"https:\/\/cullarvega.com\/casa-cultura\/wp-json\/wp\/v2\/categories?post=5253"},{"taxonomy":"post_tag","embeddable":true,"href":"https:\/\/cullarvega.com\/casa-cultura\/wp-json\/wp\/v2\/tags?post=5253"}],"curies":[{"name":"wp","href":"https:\/\/api.w.org\/{rel}","templated":true}]}}