{"id":5118,"date":"2018-04-26T21:04:34","date_gmt":"2018-04-26T21:04:34","guid":{"rendered":"http:\/\/www.cullarvega.com\/?p=5118"},"modified":"2023-01-11T06:42:15","modified_gmt":"2023-01-11T06:42:15","slug":"abuelos-de-cullar-vega-narran-la-historia-de-platero-y-yo-a-los-escolares-del-municipio-en-la-biblioteca","status":"publish","type":"post","link":"https:\/\/cullarvega.com\/casa-cultura\/abuelos-de-cullar-vega-narran-la-historia-de-platero-y-yo-a-los-escolares-del-municipio-en-la-biblioteca\/","title":{"rendered":"Abuelos de C\u00fallar Vega narran la historia de \u2018Platero y yo\u2019 a los escolares del municipio en la biblioteca"},"content":{"rendered":"\n<h2 class=\"wp-block-heading\">M\u00e1s de 200 escolares de Primaria del colegio Francisco Ayala comparten un rato de charla con jubilados, en el marco de una actividad organizada con motivo del D\u00eda del Libro por la Biblioteca y el equipo docente del colegio<\/h2>\n\n\n\n<hr class=\"wp-block-separator has-alpha-channel-opacity\"\/>\n\n\n<div class=\"wp-block-image\">\n<figure class=\"alignright\"><a href=\"http:\/\/www.cullarvega.com\/abuelos-de-cullar-vega-narran-la-historia-de-platero-y-yo-a-los-escolares-del-municipio-en-la-biblioteca\/2018-04-26-photo-00000036\/\"><img decoding=\"async\" src=\"http:\/\/www.cullarvega.com\/wp-content\/uploads\/2018\/04\/2018-04-26-PHOTO-00000036.jpg\" alt=\"\" class=\"wp-image-5119\"\/><\/a><\/figure>\n<\/div>\n\n\n<p>Cerca de <strong>200 escolares de Primaria<\/strong> del colegio <strong>Francisco Ayala de C\u00fallar Vega<\/strong> han analizado esta semana la obra \u201c<strong>Platero y yo<\/strong>\u201d gracias a una actividad organizada por la <strong>Biblioteca<\/strong> <strong>Municipal<\/strong>, el equipo docente del centro y la Concejal\u00eda de Cultura del Ayuntamiento cullero.<\/p>\n\n\n\n<p>La originalidad de este encuentro ha estado en los <strong>narradores<\/strong> <strong>del cuento<\/strong>:<strong> una decena de jubilados<\/strong> del pueblo, que han dedicado sus ma\u00f1anas a contar la historia de Platero a los peque\u00f1os culleros, como si de sus nietos se tratase, en la Biblioteca municipal.<\/p>\n\n\n<div class=\"wp-block-image\">\n<figure class=\"alignleft size-full\"><a href=\"https:\/\/cullarvega.com\/casa-cultura\/wp-content\/uploads\/2023\/01\/2018-04-26-PHOTO-00000037.jpg\"><img fetchpriority=\"high\" decoding=\"async\" width=\"800\" height=\"600\" src=\"https:\/\/cullarvega.com\/casa-cultura\/wp-content\/uploads\/2023\/01\/2018-04-26-PHOTO-00000037.jpg\" alt=\"\" class=\"wp-image-20435\" srcset=\"https:\/\/cullarvega.com\/casa-cultura\/wp-content\/uploads\/2023\/01\/2018-04-26-PHOTO-00000037.jpg 800w, https:\/\/cullarvega.com\/casa-cultura\/wp-content\/uploads\/2023\/01\/2018-04-26-PHOTO-00000037-300x225.jpg 300w, https:\/\/cullarvega.com\/casa-cultura\/wp-content\/uploads\/2023\/01\/2018-04-26-PHOTO-00000037-768x576.jpg 768w, https:\/\/cullarvega.com\/casa-cultura\/wp-content\/uploads\/2023\/01\/2018-04-26-PHOTO-00000037-600x450.jpg 600w, https:\/\/cullarvega.com\/casa-cultura\/wp-content\/uploads\/2023\/01\/2018-04-26-PHOTO-00000037-560x420.jpg 560w\" sizes=\"(max-width: 800px) 100vw, 800px\" \/><\/a><\/figure>\n<\/div>\n\n\n<p>As\u00ed, los abuelos culleros han compartido esta narraci\u00f3n con los escolares, pertenecientes a 1\u00ba y 2\u00ba de Primaria, salpicando la historia de Platero de an\u00e9cdotas de su juventud. A su vez, los ni\u00f1os han podido preguntarles todas las dudas que les han surgido sobre c\u00f3mo eran sus vidas cuando eran peque\u00f1os, dando lugar a momentos muy emotivos.<\/p>\n\n\n\n<p>Las concejalas de Cultura y Educaci\u00f3n del Ayuntamiento de C\u00fallar Vega, <strong>M\u00aa \u00c1ngeles Polo<\/strong> y<strong> Olvido de la Rosa<\/strong>, destacan \u201c<em>la enorme originalidad de esta actividad, que ha sido ideada y organizada con motivo del D\u00eda del Libro por el equipo docente del colegio Francisco Ayala junto al bibliotecario municipal, Manuel Roelas<\/em>\u201d.<\/p>\n\n\n\n<p>El \u00faltimo de estos encuentros tendr\u00e1 lugar ma\u00f1ana viernes, 27 de abril, a partir de las 9 de la ma\u00f1ana en la Biblioteca Municipal de C\u00fallar Vega.<\/p>\n\n\n\n<p><iframe src=\"https:\/\/www.youtube.com\/embed\/b17p78bD_0o\" width=\"560\" height=\"315\" frameborder=\"0\" allowfullscreen=\"allowfullscreen\"><\/iframe><\/p>\n","protected":false},"excerpt":{"rendered":"<p>M\u00e1s de 200 escolares de Primaria del colegio Francisco Ayala comparten un rato de charla con jubilados, en el marco de una actividad organizada con motivo del D\u00eda del Libro por la Biblioteca y el equipo docente del colegio Cerca de 200 escolares de Primaria del colegio Francisco Ayala de C\u00fallar Vega han analizado esta [&hellip;]<\/p>\n","protected":false},"author":1,"featured_media":20435,"comment_status":"open","ping_status":"open","sticky":false,"template":"","format":"standard","meta":{"footnotes":""},"categories":[41],"tags":[],"class_list":["post-5118","post","type-post","status-publish","format-standard","has-post-thumbnail","hentry","category-biblioteca"],"_links":{"self":[{"href":"https:\/\/cullarvega.com\/casa-cultura\/wp-json\/wp\/v2\/posts\/5118","targetHints":{"allow":["GET"]}}],"collection":[{"href":"https:\/\/cullarvega.com\/casa-cultura\/wp-json\/wp\/v2\/posts"}],"about":[{"href":"https:\/\/cullarvega.com\/casa-cultura\/wp-json\/wp\/v2\/types\/post"}],"author":[{"embeddable":true,"href":"https:\/\/cullarvega.com\/casa-cultura\/wp-json\/wp\/v2\/users\/1"}],"replies":[{"embeddable":true,"href":"https:\/\/cullarvega.com\/casa-cultura\/wp-json\/wp\/v2\/comments?post=5118"}],"version-history":[{"count":2,"href":"https:\/\/cullarvega.com\/casa-cultura\/wp-json\/wp\/v2\/posts\/5118\/revisions"}],"predecessor-version":[{"id":20436,"href":"https:\/\/cullarvega.com\/casa-cultura\/wp-json\/wp\/v2\/posts\/5118\/revisions\/20436"}],"wp:featuredmedia":[{"embeddable":true,"href":"https:\/\/cullarvega.com\/casa-cultura\/wp-json\/wp\/v2\/media\/20435"}],"wp:attachment":[{"href":"https:\/\/cullarvega.com\/casa-cultura\/wp-json\/wp\/v2\/media?parent=5118"}],"wp:term":[{"taxonomy":"category","embeddable":true,"href":"https:\/\/cullarvega.com\/casa-cultura\/wp-json\/wp\/v2\/categories?post=5118"},{"taxonomy":"post_tag","embeddable":true,"href":"https:\/\/cullarvega.com\/casa-cultura\/wp-json\/wp\/v2\/tags?post=5118"}],"curies":[{"name":"wp","href":"https:\/\/api.w.org\/{rel}","templated":true}]}}