{"id":5047,"date":"2018-04-05T14:15:19","date_gmt":"2018-04-05T14:15:19","guid":{"rendered":"http:\/\/www.cullarvega.com\/?p=5047"},"modified":"2023-01-11T06:41:28","modified_gmt":"2023-01-11T06:41:28","slug":"bases-del-xxxi-certamen-literario-de-cullar-vega","status":"publish","type":"post","link":"https:\/\/cullarvega.com\/casa-cultura\/bases-del-xxxi-certamen-literario-de-cullar-vega\/","title":{"rendered":"Bases del XXXI Certamen Literario de C\u00fallar Vega"},"content":{"rendered":"<div class=\"wp-block-image\">\n<figure class=\"alignleft size-full\"><a href=\"https:\/\/cullarvega.com\/casa-cultura\/wp-content\/uploads\/2023\/01\/libros.jpg\"><img fetchpriority=\"high\" decoding=\"async\" width=\"275\" height=\"183\" src=\"https:\/\/cullarvega.com\/casa-cultura\/wp-content\/uploads\/2023\/01\/libros.jpg\" alt=\"\" class=\"wp-image-20384\"\/><\/a><\/figure>\n<\/div>\n\n\n<p>En esta trig\u00e9sima primera edici\u00f3n se continuar\u00e1 con las modalidades de Relato Corto y Poes\u00eda, pudiendo concursar todas las personas que lo deseen, sin limitaci\u00f3n de edad. Participar\u00e1n con obras originales, in\u00e9ditas, escritas en castellano y que no hayan sido premiadas en ning\u00fan otro certamen.<\/p>\n\n\n\n<p><a href=\"http:\/\/www.cullarvega.com\/bases-xxx-certamen-literario-cullar-vega\/bases-xxxi-certamen-literario-de-cullar-vega-2018\/\" target=\"_blank\" rel=\"noopener\">Bases Certamen Literario 2018<\/a><\/p>\n","protected":false},"excerpt":{"rendered":"<p>En esta trig\u00e9sima primera edici\u00f3n se continuar\u00e1 con las modalidades de Relato Corto y Poes\u00eda, pudiendo concursar todas las personas que lo deseen, sin limitaci\u00f3n de edad. Participar\u00e1n con obras originales, in\u00e9ditas, escritas en castellano y que no hayan sido premiadas en ning\u00fan otro certamen. Bases Certamen Literario 2018<\/p>\n","protected":false},"author":1,"featured_media":20384,"comment_status":"open","ping_status":"open","sticky":false,"template":"","format":"standard","meta":{"footnotes":""},"categories":[41],"tags":[],"class_list":["post-5047","post","type-post","status-publish","format-standard","has-post-thumbnail","hentry","category-biblioteca"],"_links":{"self":[{"href":"https:\/\/cullarvega.com\/casa-cultura\/wp-json\/wp\/v2\/posts\/5047","targetHints":{"allow":["GET"]}}],"collection":[{"href":"https:\/\/cullarvega.com\/casa-cultura\/wp-json\/wp\/v2\/posts"}],"about":[{"href":"https:\/\/cullarvega.com\/casa-cultura\/wp-json\/wp\/v2\/types\/post"}],"author":[{"embeddable":true,"href":"https:\/\/cullarvega.com\/casa-cultura\/wp-json\/wp\/v2\/users\/1"}],"replies":[{"embeddable":true,"href":"https:\/\/cullarvega.com\/casa-cultura\/wp-json\/wp\/v2\/comments?post=5047"}],"version-history":[{"count":2,"href":"https:\/\/cullarvega.com\/casa-cultura\/wp-json\/wp\/v2\/posts\/5047\/revisions"}],"predecessor-version":[{"id":20431,"href":"https:\/\/cullarvega.com\/casa-cultura\/wp-json\/wp\/v2\/posts\/5047\/revisions\/20431"}],"wp:featuredmedia":[{"embeddable":true,"href":"https:\/\/cullarvega.com\/casa-cultura\/wp-json\/wp\/v2\/media\/20384"}],"wp:attachment":[{"href":"https:\/\/cullarvega.com\/casa-cultura\/wp-json\/wp\/v2\/media?parent=5047"}],"wp:term":[{"taxonomy":"category","embeddable":true,"href":"https:\/\/cullarvega.com\/casa-cultura\/wp-json\/wp\/v2\/categories?post=5047"},{"taxonomy":"post_tag","embeddable":true,"href":"https:\/\/cullarvega.com\/casa-cultura\/wp-json\/wp\/v2\/tags?post=5047"}],"curies":[{"name":"wp","href":"https:\/\/api.w.org\/{rel}","templated":true}]}}