{"id":5029,"date":"2018-04-04T09:07:48","date_gmt":"2018-04-04T07:07:48","guid":{"rendered":"http:\/\/www.cullarvega.com\/?p=5029"},"modified":"2023-01-11T06:41:15","modified_gmt":"2023-01-11T06:41:15","slug":"curso-de-diseno-de-paginas-web-con-wordpress-nivel-medio","status":"publish","type":"post","link":"https:\/\/cullarvega.com\/casa-cultura\/curso-de-diseno-de-paginas-web-con-wordpress-nivel-medio\/","title":{"rendered":"Curso de \u00abDise\u00f1o de P\u00e1ginas Web con WordPress\u00bb nivel medio"},"content":{"rendered":"\n<p>Si quieres <strong>desarrollar<\/strong> y <strong>crear<\/strong> una p\u00e1gina web desde CERO y sin conocimientos de programaci\u00f3n, inscr\u00edbete en este curso donde <strong>aprender\u00e1s<\/strong> todo lo necesario para realizar un proyecto web desde su inicio hasta la entrega final al cliente o empresa.<\/p>\n\n\n\n<ul class=\"wp-block-list\">\n<li><strong>D\u00edas<\/strong>: 18, 20, 25 y 27 de Abril<\/li>\n\n\n\n<li><strong>Horario<\/strong>: 09:30 a 13:30 h<\/li>\n\n\n\n<li><strong>Lugar<\/strong>: Centro Guadalinfo de C\u00fallar Vega (Casa de la Cultura de C\u00fallar Vega)<\/li>\n\n\n\n<li><strong>Inscripci\u00f3n<\/strong> <strong>online<\/strong>:&nbsp;<a href=\"https:\/\/goo.gl\/forms\/HpLBp7KE8Lt4FdQf1\" target=\"_blank\" rel=\"noopener\">https:\/\/goo.gl\/forms\/HpLBp7KE8Lt4FdQf1<\/a><\/li>\n\n\n\n<li><strong>+ Info:<\/strong> 683 15 01 02 (WhatsApp) | <a href=\"mailto:guadalinfo.cullarvega@guadalinfo.es\">guadalinfo.cullarvega@guadalinfo.es<\/a><\/li>\n<\/ul>\n\n\n\n<p><span style=\"font-size: 14px;\"><em><strong><span style=\"color: #ff0000;\">ATENCI\u00d3N<\/span><\/strong>:&nbsp;El nivel del curso requiere unos <strong>conocimientos medios<\/strong> en el uso de la inform\u00e1tica y el manejo de p\u00e1ginas web. Estos conocimientos ser\u00e1n evaluados en la inscripci\u00f3n online anteriormente citada. El objetivo de esta baremaci\u00f3n es la creaci\u00f3n de un grupo homog\u00e9neo de alumnos\/as. Aquellos\/as interesados\/as que no re\u00fanan unos requisitos m\u00ednimos pasar\u00e1n a estar inscritos en un grupo de nivel b\u00e1sico de wordpress que se desarrollar\u00e1 m\u00e1s adelante. M\u00e1s informaci\u00f3n en el whatsapp 683 15 01 02<\/em><\/span><\/p>\n\n\n<div class=\"wp-block-image\">\n<figure class=\"aligncenter size-large\"><a href=\"https:\/\/cullarvega.com\/casa-cultura\/wp-content\/uploads\/2023\/01\/wordpress-nivel-medio-scaled.jpg\"><img fetchpriority=\"high\" decoding=\"async\" width=\"724\" height=\"1024\" src=\"https:\/\/cullarvega.com\/casa-cultura\/wp-content\/uploads\/2023\/01\/wordpress-nivel-medio-724x1024.jpg\" alt=\"\" class=\"wp-image-20429\" srcset=\"https:\/\/cullarvega.com\/casa-cultura\/wp-content\/uploads\/2023\/01\/wordpress-nivel-medio-724x1024.jpg 724w, https:\/\/cullarvega.com\/casa-cultura\/wp-content\/uploads\/2023\/01\/wordpress-nivel-medio-212x300.jpg 212w, https:\/\/cullarvega.com\/casa-cultura\/wp-content\/uploads\/2023\/01\/wordpress-nivel-medio-768x1086.jpg 768w, https:\/\/cullarvega.com\/casa-cultura\/wp-content\/uploads\/2023\/01\/wordpress-nivel-medio-1086x1536.jpg 1086w, https:\/\/cullarvega.com\/casa-cultura\/wp-content\/uploads\/2023\/01\/wordpress-nivel-medio-1448x2048.jpg 1448w, https:\/\/cullarvega.com\/casa-cultura\/wp-content\/uploads\/2023\/01\/wordpress-nivel-medio-424x600.jpg 424w, https:\/\/cullarvega.com\/casa-cultura\/wp-content\/uploads\/2023\/01\/wordpress-nivel-medio-396x560.jpg 396w, https:\/\/cullarvega.com\/casa-cultura\/wp-content\/uploads\/2023\/01\/wordpress-nivel-medio-scaled.jpg 1810w\" sizes=\"(max-width: 724px) 100vw, 724px\" \/><\/a><\/figure>\n<\/div>","protected":false},"excerpt":{"rendered":"<p>Si quieres desarrollar y crear una p\u00e1gina web desde CERO y sin conocimientos de programaci\u00f3n, inscr\u00edbete en este curso donde aprender\u00e1s todo lo necesario para realizar un proyecto web desde su inicio hasta la entrega final al cliente o empresa. ATENCI\u00d3N:&nbsp;El nivel del curso requiere unos conocimientos medios en el uso de la inform\u00e1tica y [&hellip;]<\/p>\n","protected":false},"author":1,"featured_media":20429,"comment_status":"open","ping_status":"open","sticky":false,"template":"","format":"standard","meta":{"footnotes":""},"categories":[43],"tags":[],"class_list":["post-5029","post","type-post","status-publish","format-standard","has-post-thumbnail","hentry","category-punto-vuela"],"_links":{"self":[{"href":"https:\/\/cullarvega.com\/casa-cultura\/wp-json\/wp\/v2\/posts\/5029","targetHints":{"allow":["GET"]}}],"collection":[{"href":"https:\/\/cullarvega.com\/casa-cultura\/wp-json\/wp\/v2\/posts"}],"about":[{"href":"https:\/\/cullarvega.com\/casa-cultura\/wp-json\/wp\/v2\/types\/post"}],"author":[{"embeddable":true,"href":"https:\/\/cullarvega.com\/casa-cultura\/wp-json\/wp\/v2\/users\/1"}],"replies":[{"embeddable":true,"href":"https:\/\/cullarvega.com\/casa-cultura\/wp-json\/wp\/v2\/comments?post=5029"}],"version-history":[{"count":2,"href":"https:\/\/cullarvega.com\/casa-cultura\/wp-json\/wp\/v2\/posts\/5029\/revisions"}],"predecessor-version":[{"id":20430,"href":"https:\/\/cullarvega.com\/casa-cultura\/wp-json\/wp\/v2\/posts\/5029\/revisions\/20430"}],"wp:featuredmedia":[{"embeddable":true,"href":"https:\/\/cullarvega.com\/casa-cultura\/wp-json\/wp\/v2\/media\/20429"}],"wp:attachment":[{"href":"https:\/\/cullarvega.com\/casa-cultura\/wp-json\/wp\/v2\/media?parent=5029"}],"wp:term":[{"taxonomy":"category","embeddable":true,"href":"https:\/\/cullarvega.com\/casa-cultura\/wp-json\/wp\/v2\/categories?post=5029"},{"taxonomy":"post_tag","embeddable":true,"href":"https:\/\/cullarvega.com\/casa-cultura\/wp-json\/wp\/v2\/tags?post=5029"}],"curies":[{"name":"wp","href":"https:\/\/api.w.org\/{rel}","templated":true}]}}