{"id":4954,"date":"2018-03-19T18:30:38","date_gmt":"2018-03-19T18:30:38","guid":{"rendered":"http:\/\/www.cullarvega.com\/?p=4954"},"modified":"2023-01-11T06:40:49","modified_gmt":"2023-01-11T06:40:49","slug":"curso-valido-para-la-obtencion-del-informe-de-integracion-de-personas-extranjeras","status":"publish","type":"post","link":"https:\/\/cullarvega.com\/casa-cultura\/curso-valido-para-la-obtencion-del-informe-de-integracion-de-personas-extranjeras\/","title":{"rendered":"Curso v\u00e1lido para la obtenci\u00f3n del Informe de Integraci\u00f3n de Personas Extranjeras"},"content":{"rendered":"\n<h2 class=\"wp-block-heading\">El \u00c1rea de Bienestar Social del Ayuntamiento junto al Centro Guadalinfo de C\u00fallar Vega organizan un curso v\u00e1lido para la obtenci\u00f3n del Informe de Integraci\u00f3n de Personas Extranjeras.<\/h2>\n\n\n\n<hr class=\"wp-block-separator has-alpha-channel-opacity\"\/>\n\n\n\n<p>El curso va dirigido a todas las personas de origen extranjero y empadronadas en Andaluc\u00eda que lo soliciten. Con este curso se puede alcanzar los conocimientos, conceptos y herramientas que faciliten el proceso de integraci\u00f3n efectiva y din\u00e1mica en la vida social, econ\u00f3mica y cultural en este pa\u00eds y, especialmente en Andaluc\u00eda. La superaci\u00f3n del curso permitir\u00e1 la obtenci\u00f3n del correspondiente Informe de Esfuerzo de Integraci\u00f3n.<\/p>\n\n\n\n<ul class=\"wp-block-list\">\n<li><strong>D\u00edas<\/strong>: 2, 4, 9 y 11 de Abril de 2018<\/li>\n\n\n\n<li><strong>Horario<\/strong>: 19:00 a 20:30 h.<\/li>\n\n\n\n<li><strong>Lugar:<\/strong> <a href=\"https:\/\/www.google.es\/maps\/place\/Centro+Guadalinfo+C%C3%BAllar+Vega\/@37.1578837,-3.6791206,17z\/data=!3m1!4b1!4m5!3m4!1s0xd71feb384ef1e31:0x952a4aa9b9525d73!8m2!3d37.1578837!4d-3.6769319\" target=\"_blank\" rel=\"noopener\">Centro Guadalinfo de C\u00fallar Vega<\/a><\/li>\n\n\n\n<li><strong>Matriculaci\u00f3n online<\/strong>:&nbsp;<a href=\"https:\/\/goo.gl\/JQEsQQ\" target=\"_blank\" rel=\"noopener nofollow\" data-ft=\"{&quot;tn&quot;:&quot;-U&quot;}\" data-lynx-mode=\"asynclazy\" data-lynx-uri=\"https:\/\/l.facebook.com\/l.php?u=https%3A%2F%2Fgoo.gl%2FJQEsQQ&amp;h=ATN-DT4GIG-wOLOaNLX6kaaSkcmy7GFkIGmeHVvS9-f9oqhaanCJ5snzzA1MFU77CHOly2EmfOhyxqdyErW0CxSF9kgRadh6V8Xbzz5Dq93yB_pEs8opo22Cn1Da1wlw6nWWXA\">https:\/\/goo.gl\/JQEsQQ<\/a><\/li>\n\n\n\n<li><strong>M\u00e1s info:<\/strong> 683 15 01 02 |&nbsp;958 57 44 49 (<em>Imprescindible traer auriculares para la escucha del contenido audiovisual)<\/em><\/li>\n\n\n\n<li><strong>Contenido:<\/strong>\n<ul class=\"wp-block-list\">\n<li>La administraci\u00f3n espa\u00f1ola<\/li>\n\n\n\n<li>La educaci\u00f3n en espa\u00f1a<\/li>\n\n\n\n<li>Sanidad y servicios p\u00fablicos<\/li>\n\n\n\n<li>El trabajo<\/li>\n\n\n\n<li>Participaci\u00f3n social<\/li>\n\n\n\n<li>Vivienda<\/li>\n\n\n\n<li>R\u00e9gimen tributario<\/li>\n\n\n\n<li>Las personas extranjeras y el sistema jur\u00eddico espa\u00f1ol<\/li>\n\n\n\n<li>Las personas extranjeras ante el c\u00f3digo penal<\/li>\n<\/ul>\n<\/li>\n\n\n\n<li><strong><strong>Metodolog\u00eda: <\/strong><\/strong>El curso est\u00e1 estructurado en 9 m\u00f3dulos formativos que abarcan todos los conocimientos exigidos para obtener el Informe. En cada m\u00f3dulo, la informaci\u00f3n se transmite en uno o varios v\u00eddeos explicativos, adem\u00e1s se ofrecen enlaces de Internet y material complementario para ampliar informaci\u00f3n. Al final de cada m\u00f3dulo se propone un cuestionario tipo test para evaluar los conocimientos. En todo momento contar\u00e1 con el apoyo y asesoramiento del Agente de Innovaci\u00f3n Local del Centro Guadalinfo.<\/li>\n<\/ul>\n\n\n<div class=\"wp-block-image\">\n<figure class=\"aligncenter size-large\"><a href=\"https:\/\/cullarvega.com\/casa-cultura\/wp-content\/uploads\/2023\/01\/esfuerzo-integracion-scaled.jpg\"><img fetchpriority=\"high\" decoding=\"async\" width=\"724\" height=\"1024\" src=\"https:\/\/cullarvega.com\/casa-cultura\/wp-content\/uploads\/2023\/01\/esfuerzo-integracion-724x1024.jpg\" alt=\"\" class=\"wp-image-20426\" srcset=\"https:\/\/cullarvega.com\/casa-cultura\/wp-content\/uploads\/2023\/01\/esfuerzo-integracion-724x1024.jpg 724w, https:\/\/cullarvega.com\/casa-cultura\/wp-content\/uploads\/2023\/01\/esfuerzo-integracion-212x300.jpg 212w, https:\/\/cullarvega.com\/casa-cultura\/wp-content\/uploads\/2023\/01\/esfuerzo-integracion-768x1086.jpg 768w, https:\/\/cullarvega.com\/casa-cultura\/wp-content\/uploads\/2023\/01\/esfuerzo-integracion-1086x1536.jpg 1086w, https:\/\/cullarvega.com\/casa-cultura\/wp-content\/uploads\/2023\/01\/esfuerzo-integracion-1448x2048.jpg 1448w, https:\/\/cullarvega.com\/casa-cultura\/wp-content\/uploads\/2023\/01\/esfuerzo-integracion-424x600.jpg 424w, https:\/\/cullarvega.com\/casa-cultura\/wp-content\/uploads\/2023\/01\/esfuerzo-integracion-396x560.jpg 396w, https:\/\/cullarvega.com\/casa-cultura\/wp-content\/uploads\/2023\/01\/esfuerzo-integracion-scaled.jpg 1810w\" sizes=\"(max-width: 724px) 100vw, 724px\" \/><\/a><\/figure>\n<\/div>","protected":false},"excerpt":{"rendered":"<p>El \u00c1rea de Bienestar Social del Ayuntamiento junto al Centro Guadalinfo de C\u00fallar Vega organizan un curso v\u00e1lido para la obtenci\u00f3n del Informe de Integraci\u00f3n de Personas Extranjeras. El curso va dirigido a todas las personas de origen extranjero y empadronadas en Andaluc\u00eda que lo soliciten. Con este curso se puede alcanzar los conocimientos, conceptos [&hellip;]<\/p>\n","protected":false},"author":1,"featured_media":20426,"comment_status":"open","ping_status":"open","sticky":false,"template":"","format":"standard","meta":{"footnotes":""},"categories":[43],"tags":[],"class_list":["post-4954","post","type-post","status-publish","format-standard","has-post-thumbnail","hentry","category-punto-vuela"],"_links":{"self":[{"href":"https:\/\/cullarvega.com\/casa-cultura\/wp-json\/wp\/v2\/posts\/4954","targetHints":{"allow":["GET"]}}],"collection":[{"href":"https:\/\/cullarvega.com\/casa-cultura\/wp-json\/wp\/v2\/posts"}],"about":[{"href":"https:\/\/cullarvega.com\/casa-cultura\/wp-json\/wp\/v2\/types\/post"}],"author":[{"embeddable":true,"href":"https:\/\/cullarvega.com\/casa-cultura\/wp-json\/wp\/v2\/users\/1"}],"replies":[{"embeddable":true,"href":"https:\/\/cullarvega.com\/casa-cultura\/wp-json\/wp\/v2\/comments?post=4954"}],"version-history":[{"count":2,"href":"https:\/\/cullarvega.com\/casa-cultura\/wp-json\/wp\/v2\/posts\/4954\/revisions"}],"predecessor-version":[{"id":20427,"href":"https:\/\/cullarvega.com\/casa-cultura\/wp-json\/wp\/v2\/posts\/4954\/revisions\/20427"}],"wp:featuredmedia":[{"embeddable":true,"href":"https:\/\/cullarvega.com\/casa-cultura\/wp-json\/wp\/v2\/media\/20426"}],"wp:attachment":[{"href":"https:\/\/cullarvega.com\/casa-cultura\/wp-json\/wp\/v2\/media?parent=4954"}],"wp:term":[{"taxonomy":"category","embeddable":true,"href":"https:\/\/cullarvega.com\/casa-cultura\/wp-json\/wp\/v2\/categories?post=4954"},{"taxonomy":"post_tag","embeddable":true,"href":"https:\/\/cullarvega.com\/casa-cultura\/wp-json\/wp\/v2\/tags?post=4954"}],"curies":[{"name":"wp","href":"https:\/\/api.w.org\/{rel}","templated":true}]}}