{"id":4600,"date":"2018-02-05T09:00:42","date_gmt":"2018-02-05T09:00:42","guid":{"rendered":"http:\/\/www.cullarvega.com\/?p=4600"},"modified":"2023-01-11T06:39:13","modified_gmt":"2023-01-11T06:39:13","slug":"campana-recuperacion-imagenes-antiguas","status":"publish","type":"post","link":"https:\/\/cullarvega.com\/casa-cultura\/campana-recuperacion-imagenes-antiguas\/","title":{"rendered":"Campa\u00f1a de Recuperaci\u00f3n de Im\u00e1genes Antiguas"},"content":{"rendered":"\n<h2 class=\"wp-block-heading\">Durante todo el mes de FEBRERO el Centro Guadalinfo de C\u00fallar Vega ofrece la posibilidad de Digitalizar vuestras fotograf\u00edas antiguas.<\/h2>\n\n\n\n<hr class=\"wp-block-separator has-alpha-channel-opacity\"\/>\n\n\n\n<p>El Centro pone a disposici\u00f3n de los usuarios y usuarias, el escaner para aquellas im\u00e1genes antiguas que no posean un respaldo digital.<\/p>\n\n\n\n<p>Todos los interesados\/as podr\u00e9is pasar por el Centro los&nbsp;<strong>LUNES<\/strong> y <strong>MI\u00c9RCOLES<\/strong> en horario de 19 a 20 h con vuestras fotos y un l\u00e1piz de memoria para almacenar las im\u00e1genes ya digitalizadas.<\/p>\n\n\n\n<p>+<strong>INFO<\/strong>: <a href=\"tel:\/\/683150102\">683 15 01 02<\/a><\/p>\n\n\n<div class=\"wp-block-image\">\n<figure class=\"aligncenter size-large\"><a href=\"https:\/\/cullarvega.com\/casa-cultura\/wp-content\/uploads\/2023\/01\/recuperacion-de-imagenes-scaled.jpg\"><img fetchpriority=\"high\" decoding=\"async\" width=\"1024\" height=\"724\" src=\"https:\/\/cullarvega.com\/casa-cultura\/wp-content\/uploads\/2023\/01\/recuperacion-de-imagenes-1024x724.jpg\" alt=\"\" class=\"wp-image-20415\" srcset=\"https:\/\/cullarvega.com\/casa-cultura\/wp-content\/uploads\/2023\/01\/recuperacion-de-imagenes-1024x724.jpg 1024w, https:\/\/cullarvega.com\/casa-cultura\/wp-content\/uploads\/2023\/01\/recuperacion-de-imagenes-300x212.jpg 300w, https:\/\/cullarvega.com\/casa-cultura\/wp-content\/uploads\/2023\/01\/recuperacion-de-imagenes-768x543.jpg 768w, https:\/\/cullarvega.com\/casa-cultura\/wp-content\/uploads\/2023\/01\/recuperacion-de-imagenes-1536x1086.jpg 1536w, https:\/\/cullarvega.com\/casa-cultura\/wp-content\/uploads\/2023\/01\/recuperacion-de-imagenes-2048x1448.jpg 2048w, https:\/\/cullarvega.com\/casa-cultura\/wp-content\/uploads\/2023\/01\/recuperacion-de-imagenes-600x424.jpg 600w, https:\/\/cullarvega.com\/casa-cultura\/wp-content\/uploads\/2023\/01\/recuperacion-de-imagenes-560x396.jpg 560w\" sizes=\"(max-width: 1024px) 100vw, 1024px\" \/><\/a><\/figure>\n<\/div>","protected":false},"excerpt":{"rendered":"<p>Durante todo el mes de FEBRERO el Centro Guadalinfo de C\u00fallar Vega ofrece la posibilidad de Digitalizar vuestras fotograf\u00edas antiguas. El Centro pone a disposici\u00f3n de los usuarios y usuarias, el escaner para aquellas im\u00e1genes antiguas que no posean un respaldo digital. Todos los interesados\/as podr\u00e9is pasar por el Centro los&nbsp;LUNES y MI\u00c9RCOLES en horario [&hellip;]<\/p>\n","protected":false},"author":1,"featured_media":20415,"comment_status":"open","ping_status":"open","sticky":false,"template":"","format":"standard","meta":{"footnotes":""},"categories":[43],"tags":[],"class_list":["post-4600","post","type-post","status-publish","format-standard","has-post-thumbnail","hentry","category-punto-vuela"],"_links":{"self":[{"href":"https:\/\/cullarvega.com\/casa-cultura\/wp-json\/wp\/v2\/posts\/4600","targetHints":{"allow":["GET"]}}],"collection":[{"href":"https:\/\/cullarvega.com\/casa-cultura\/wp-json\/wp\/v2\/posts"}],"about":[{"href":"https:\/\/cullarvega.com\/casa-cultura\/wp-json\/wp\/v2\/types\/post"}],"author":[{"embeddable":true,"href":"https:\/\/cullarvega.com\/casa-cultura\/wp-json\/wp\/v2\/users\/1"}],"replies":[{"embeddable":true,"href":"https:\/\/cullarvega.com\/casa-cultura\/wp-json\/wp\/v2\/comments?post=4600"}],"version-history":[{"count":2,"href":"https:\/\/cullarvega.com\/casa-cultura\/wp-json\/wp\/v2\/posts\/4600\/revisions"}],"predecessor-version":[{"id":20416,"href":"https:\/\/cullarvega.com\/casa-cultura\/wp-json\/wp\/v2\/posts\/4600\/revisions\/20416"}],"wp:featuredmedia":[{"embeddable":true,"href":"https:\/\/cullarvega.com\/casa-cultura\/wp-json\/wp\/v2\/media\/20415"}],"wp:attachment":[{"href":"https:\/\/cullarvega.com\/casa-cultura\/wp-json\/wp\/v2\/media?parent=4600"}],"wp:term":[{"taxonomy":"category","embeddable":true,"href":"https:\/\/cullarvega.com\/casa-cultura\/wp-json\/wp\/v2\/categories?post=4600"},{"taxonomy":"post_tag","embeddable":true,"href":"https:\/\/cullarvega.com\/casa-cultura\/wp-json\/wp\/v2\/tags?post=4600"}],"curies":[{"name":"wp","href":"https:\/\/api.w.org\/{rel}","templated":true}]}}