{"id":4570,"date":"2018-01-26T08:32:48","date_gmt":"2018-01-26T07:32:48","guid":{"rendered":"http:\/\/www.cullarvega.com\/?p=4570"},"modified":"2026-01-28T09:09:44","modified_gmt":"2026-01-28T07:09:44","slug":"taller-redes-sociales-empresaris-artesans","status":"publish","type":"post","link":"https:\/\/cullarvega.com\/casa-cultura\/taller-redes-sociales-empresaris-artesans\/","title":{"rendered":"Taller de Redes Sociales para empresari@s y\/o artesan@s"},"content":{"rendered":"\n<p><span style=\"font-size: 19px;\">El 7 y el 14 de febrero de 2018, se desarrollar\u00e1 un interesante Taller de Redes Sociales para Empresari@s y\/o Artesan@s.<\/span><\/p>\n\n\n\n<p>En el taller aprender\u00e9is a <strong>optimizar<\/strong> las principales redes sociales (Facebook, Instagram, twitter) con el objetivo de <strong>difundir<\/strong> y <strong>vender<\/strong> vuestros productos o servicios. Aprender\u00e9is a utilizar <strong>herramientas<\/strong> para <strong>automatizar<\/strong> y <strong>gestionar<\/strong> vuestras redes sociales y tambi\u00e9n conocer\u00e9is las diferentes <strong>v\u00edas<\/strong> y <strong>portales<\/strong> de venta <strong>online<\/strong>.<\/p>\n\n\n\n<ul class=\"wp-block-list\">\n<li><strong><b>PLAZAS LIMITADAS<\/b><\/strong><\/li>\n\n\n\n<li><strong>Dirigido a: <\/strong>Empresarios\/as y\/o Artesanos\/as que necesiten difundir sus productos por Internet<\/li>\n\n\n\n<li><b>Fecha:<\/b>&nbsp;7 y 14 de febrero de 2018<\/li>\n\n\n\n<li><strong>Inscripci\u00f3n e Informaci\u00f3n<\/strong>:\n<ul class=\"wp-block-list\">\n<li><strong>Centro Guadalinfo de C\u00fallar Vega:<\/strong>&nbsp;Casa de la Cultura de C\u00fallar Vega 2\u00aa planta<\/li>\n\n\n\n<li><strong>Email<\/strong>: <a href=\"mailto:guadalinfo.cullarvega@guadalinfo.es\">guadalinfo.cullarvega@guadalinfo.es<\/a><\/li>\n\n\n\n<li><strong>Whatsapp:<\/strong> <a href=\"tel:\/\/683150102\">683 15 01 02<\/a><\/li>\n<\/ul>\n<\/li>\n<\/ul>\n\n\n<div class=\"wp-block-image\">\n<figure class=\"aligncenter size-large\"><a href=\"https:\/\/cullarvega.com\/casa-cultura\/wp-content\/uploads\/2023\/01\/Redes-Sociales-empresas-scaled.jpg\"><img fetchpriority=\"high\" decoding=\"async\" width=\"1024\" height=\"724\" src=\"https:\/\/cullarvega.com\/casa-cultura\/wp-content\/uploads\/2023\/01\/Redes-Sociales-empresas-1024x724.jpg\" alt=\"\" class=\"wp-image-20413\" srcset=\"https:\/\/cullarvega.com\/casa-cultura\/wp-content\/uploads\/2023\/01\/Redes-Sociales-empresas-1024x724.jpg 1024w, https:\/\/cullarvega.com\/casa-cultura\/wp-content\/uploads\/2023\/01\/Redes-Sociales-empresas-300x212.jpg 300w, https:\/\/cullarvega.com\/casa-cultura\/wp-content\/uploads\/2023\/01\/Redes-Sociales-empresas-768x543.jpg 768w, https:\/\/cullarvega.com\/casa-cultura\/wp-content\/uploads\/2023\/01\/Redes-Sociales-empresas-1536x1086.jpg 1536w, https:\/\/cullarvega.com\/casa-cultura\/wp-content\/uploads\/2023\/01\/Redes-Sociales-empresas-2048x1448.jpg 2048w, https:\/\/cullarvega.com\/casa-cultura\/wp-content\/uploads\/2023\/01\/Redes-Sociales-empresas-600x424.jpg 600w, https:\/\/cullarvega.com\/casa-cultura\/wp-content\/uploads\/2023\/01\/Redes-Sociales-empresas-560x396.jpg 560w\" sizes=\"(max-width: 1024px) 100vw, 1024px\" \/><\/a><\/figure>\n<\/div>","protected":false},"excerpt":{"rendered":"<p>El 7 y el 14 de febrero de 2018, se desarrollar\u00e1 un interesante Taller de Redes Sociales para Empresari@s y\/o Artesan@s. En el taller aprender\u00e9is a optimizar las principales redes sociales (Facebook, Instagram, twitter) con el objetivo de difundir y vender vuestros productos o servicios. Aprender\u00e9is a utilizar herramientas para automatizar y gestionar vuestras redes [&hellip;]<\/p>\n","protected":false},"author":1,"featured_media":20413,"comment_status":"open","ping_status":"open","sticky":false,"template":"","format":"standard","meta":{"footnotes":""},"categories":[43],"tags":[],"class_list":["post-4570","post","type-post","status-publish","format-standard","has-post-thumbnail","hentry","category-punto-vuela"],"_links":{"self":[{"href":"https:\/\/cullarvega.com\/casa-cultura\/wp-json\/wp\/v2\/posts\/4570","targetHints":{"allow":["GET"]}}],"collection":[{"href":"https:\/\/cullarvega.com\/casa-cultura\/wp-json\/wp\/v2\/posts"}],"about":[{"href":"https:\/\/cullarvega.com\/casa-cultura\/wp-json\/wp\/v2\/types\/post"}],"author":[{"embeddable":true,"href":"https:\/\/cullarvega.com\/casa-cultura\/wp-json\/wp\/v2\/users\/1"}],"replies":[{"embeddable":true,"href":"https:\/\/cullarvega.com\/casa-cultura\/wp-json\/wp\/v2\/comments?post=4570"}],"version-history":[{"count":3,"href":"https:\/\/cullarvega.com\/casa-cultura\/wp-json\/wp\/v2\/posts\/4570\/revisions"}],"predecessor-version":[{"id":22178,"href":"https:\/\/cullarvega.com\/casa-cultura\/wp-json\/wp\/v2\/posts\/4570\/revisions\/22178"}],"wp:featuredmedia":[{"embeddable":true,"href":"https:\/\/cullarvega.com\/casa-cultura\/wp-json\/wp\/v2\/media\/20413"}],"wp:attachment":[{"href":"https:\/\/cullarvega.com\/casa-cultura\/wp-json\/wp\/v2\/media?parent=4570"}],"wp:term":[{"taxonomy":"category","embeddable":true,"href":"https:\/\/cullarvega.com\/casa-cultura\/wp-json\/wp\/v2\/categories?post=4570"},{"taxonomy":"post_tag","embeddable":true,"href":"https:\/\/cullarvega.com\/casa-cultura\/wp-json\/wp\/v2\/tags?post=4570"}],"curies":[{"name":"wp","href":"https:\/\/api.w.org\/{rel}","templated":true}]}}