{"id":4476,"date":"2018-01-03T12:44:42","date_gmt":"2018-01-03T11:44:42","guid":{"rendered":"http:\/\/www.cullarvega.com\/?p=4476"},"modified":"2023-01-11T07:23:47","modified_gmt":"2023-01-11T07:23:47","slug":"talleres-de-iniciacion-a-moviles-para-mayores","status":"publish","type":"post","link":"https:\/\/cullarvega.com\/casa-cultura\/talleres-de-iniciacion-a-moviles-para-mayores\/","title":{"rendered":"Talleres de Iniciaci\u00f3n a M\u00f3viles para Mayores"},"content":{"rendered":"\n<p><span style=\"font-size: 19px;\">Durante todo el mes de Enero se desarrollar\u00e1n una serie de <strong>Talleres<\/strong> de I<strong>niciaci\u00f3n<\/strong> al manejo de <strong>Tel\u00e9fonos M\u00f3viles<\/strong> (smartphone).<\/span><\/p>\n\n\n\n<p>Se organizar\u00e1n <strong>grupos<\/strong> <strong>reducidos<\/strong> con un n\u00famero m\u00e1ximo de 5 personas por grupo para garantizar una mejor comprensi\u00f3n y asimilaci\u00f3n de los conceptos. Se organizar\u00e1n los grupos en funci\u00f3n de los conocimientos previos de los usuarios y usuarias.<\/p>\n\n\n\n<p>Es <span style=\"color: #ff0000;\"><b>INPRESCINDIBLE&nbsp;<\/b><strong>PREINSCRIPCI\u00d3N<\/strong> <\/span>para as\u00ed facilitar una mejor gesti\u00f3n de los grupos.<\/p>\n\n\n\n<p><strong>Preinscripci\u00f3n<\/strong> e <strong>Informaci\u00f3n<\/strong> en:<\/p>\n\n\n\n<ul class=\"wp-block-list\">\n<li><strong>Direcci\u00f3n<\/strong>: Centro Guadalinfo de C\u00fallar Vega (Casa de la Cultura 1\u00aa planta aula 3)<\/li>\n\n\n\n<li><strong>Email<\/strong>: <a href=\"mailto:guadalinfo.cullarvega@guadalinfo.es\">guadalinfo.cullarvega@guadalinfo.es<\/a><\/li>\n\n\n\n<li><strong>Tel\u00e9fono\/Whatsapp:<\/strong> <a href=\"tel:\/\/683150102\">683 15 01 02<\/a><\/li>\n<\/ul>\n\n\n<div class=\"wp-block-image\">\n<figure class=\"aligncenter size-large\"><a href=\"https:\/\/cullarvega.com\/casa-cultura\/wp-content\/uploads\/2023\/01\/Movil-para-mayores-scaled.jpg\"><img fetchpriority=\"high\" decoding=\"async\" width=\"1024\" height=\"724\" src=\"https:\/\/cullarvega.com\/casa-cultura\/wp-content\/uploads\/2023\/01\/Movil-para-mayores-1024x724.jpg\" alt=\"\" class=\"wp-image-20410\" srcset=\"https:\/\/cullarvega.com\/casa-cultura\/wp-content\/uploads\/2023\/01\/Movil-para-mayores-1024x724.jpg 1024w, https:\/\/cullarvega.com\/casa-cultura\/wp-content\/uploads\/2023\/01\/Movil-para-mayores-300x212.jpg 300w, https:\/\/cullarvega.com\/casa-cultura\/wp-content\/uploads\/2023\/01\/Movil-para-mayores-768x543.jpg 768w, https:\/\/cullarvega.com\/casa-cultura\/wp-content\/uploads\/2023\/01\/Movil-para-mayores-1536x1086.jpg 1536w, https:\/\/cullarvega.com\/casa-cultura\/wp-content\/uploads\/2023\/01\/Movil-para-mayores-2048x1448.jpg 2048w, https:\/\/cullarvega.com\/casa-cultura\/wp-content\/uploads\/2023\/01\/Movil-para-mayores-600x424.jpg 600w, https:\/\/cullarvega.com\/casa-cultura\/wp-content\/uploads\/2023\/01\/Movil-para-mayores-560x396.jpg 560w\" sizes=\"(max-width: 1024px) 100vw, 1024px\" \/><\/a><\/figure>\n<\/div>","protected":false},"excerpt":{"rendered":"<p>Durante todo el mes de Enero se desarrollar\u00e1n una serie de Talleres de Iniciaci\u00f3n al manejo de Tel\u00e9fonos M\u00f3viles (smartphone). Se organizar\u00e1n grupos reducidos con un n\u00famero m\u00e1ximo de 5 personas por grupo para garantizar una mejor comprensi\u00f3n y asimilaci\u00f3n de los conceptos. Se organizar\u00e1n los grupos en funci\u00f3n de los conocimientos previos de los [&hellip;]<\/p>\n","protected":false},"author":1,"featured_media":20410,"comment_status":"open","ping_status":"open","sticky":false,"template":"","format":"standard","meta":{"footnotes":""},"categories":[176,43],"tags":[],"class_list":["post-4476","post","type-post","status-publish","format-standard","has-post-thumbnail","hentry","category-formacion","category-punto-vuela"],"_links":{"self":[{"href":"https:\/\/cullarvega.com\/casa-cultura\/wp-json\/wp\/v2\/posts\/4476","targetHints":{"allow":["GET"]}}],"collection":[{"href":"https:\/\/cullarvega.com\/casa-cultura\/wp-json\/wp\/v2\/posts"}],"about":[{"href":"https:\/\/cullarvega.com\/casa-cultura\/wp-json\/wp\/v2\/types\/post"}],"author":[{"embeddable":true,"href":"https:\/\/cullarvega.com\/casa-cultura\/wp-json\/wp\/v2\/users\/1"}],"replies":[{"embeddable":true,"href":"https:\/\/cullarvega.com\/casa-cultura\/wp-json\/wp\/v2\/comments?post=4476"}],"version-history":[{"count":2,"href":"https:\/\/cullarvega.com\/casa-cultura\/wp-json\/wp\/v2\/posts\/4476\/revisions"}],"predecessor-version":[{"id":20411,"href":"https:\/\/cullarvega.com\/casa-cultura\/wp-json\/wp\/v2\/posts\/4476\/revisions\/20411"}],"wp:featuredmedia":[{"embeddable":true,"href":"https:\/\/cullarvega.com\/casa-cultura\/wp-json\/wp\/v2\/media\/20410"}],"wp:attachment":[{"href":"https:\/\/cullarvega.com\/casa-cultura\/wp-json\/wp\/v2\/media?parent=4476"}],"wp:term":[{"taxonomy":"category","embeddable":true,"href":"https:\/\/cullarvega.com\/casa-cultura\/wp-json\/wp\/v2\/categories?post=4476"},{"taxonomy":"post_tag","embeddable":true,"href":"https:\/\/cullarvega.com\/casa-cultura\/wp-json\/wp\/v2\/tags?post=4476"}],"curies":[{"name":"wp","href":"https:\/\/api.w.org\/{rel}","templated":true}]}}