{"id":4392,"date":"2017-12-18T18:30:45","date_gmt":"2017-12-18T17:30:45","guid":{"rendered":"http:\/\/www.cullarvega.com\/?p=4392"},"modified":"2026-01-28T09:07:38","modified_gmt":"2026-01-28T07:07:38","slug":"actividades-navidenas-guadalinfo","status":"publish","type":"post","link":"https:\/\/cullarvega.com\/casa-cultura\/actividades-navidenas-guadalinfo\/","title":{"rendered":"Actividades Navide\u00f1as en Guadalinfo"},"content":{"rendered":"\n<h3 class=\"wp-block-heading\">Os presentamos las actividades para la Navidad en el Centro Guadalinfo de C\u00fallar Vega:<\/h3>\n\n\n\n<hr class=\"wp-block-separator has-alpha-channel-opacity\"\/>\n\n\n\n<p><span style=\"color: #ff0000; font-size: 21px;\"><strong>CONOCE LA NAVIDAD<\/strong><\/span><\/p>\n\n\n\n<p>Aprende a buscar por internet y descubre c\u00f3mo se viven estas fiestas en distintos puntos de Espa\u00f1a y del mundo y a sus protagonistas. Descubriremos webs donde podremos jugar y conocer m\u00e1s la Navidad.<\/p>\n\n\n\n<ul class=\"wp-block-list\">\n<li><strong>Plazas limitadas<\/strong><\/li>\n\n\n\n<li><strong>Dirigido a<\/strong>:&nbsp;ni\u00f1os\/as de 8 a 12 a\u00f1os<\/li>\n\n\n\n<li><strong>Inscripci\u00f3n<\/strong>:&nbsp;<a href=\"https:\/\/goo.gl\/EF8Xpi\">https:\/\/goo.gl\/EF8Xpi<\/a><\/li>\n\n\n\n<li><strong>Fecha:\u00a0<\/strong>26 de Diciembre de 2017<\/li>\n<\/ul>\n\n\n\n<p><span style=\"color: #ff0000; font-size: 21px;\"><strong>TALLER DE ROB\u00d3TICA<\/strong><\/span><\/p>\n\n\n\n<p>Impartido por <strong>RUBE Servicios Pedag\u00f3gicos<\/strong>, los ni\u00f1os\/as podr\u00e1n aprender a programar y construir un robot.<\/p>\n\n\n\n<ul class=\"wp-block-list\">\n<li><strong>Plazas<\/strong> <strong>limitadas<\/strong><\/li>\n\n\n\n<li><strong>Dirigido<\/strong> <strong>a<\/strong>:&nbsp;ni\u00f1os\/as de 8 a 12 a\u00f1os<\/li>\n\n\n\n<li><strong>Inscripci\u00f3n<\/strong>:&nbsp;<a href=\"https:\/\/goo.gl\/EwkCRL\">https:\/\/goo.gl\/EwkCRL<\/a><\/li>\n\n\n\n<li><strong>Fecha:<\/strong> 27 de Diciembre de 2017<\/li>\n<\/ul>\n\n\n\n<p><span style=\"color: #ff0000; font-size: 21px;\"><strong>NAVIDAD DE CINE<\/strong><\/span><\/p>\n\n\n\n<p>Disfrutaremos visualizando cortometrajes de tem\u00e1tica navide\u00f1a para que los ni\u00f1os\/as disfruten del cine en estas fechas tan especiales.<\/p>\n\n\n\n<ul class=\"wp-block-list\">\n<li><strong>Entrada<\/strong> <strong>libre<\/strong> hasta completar aforo de 20 ni\u00f1os\/as<\/li>\n\n\n\n<li><strong>Dirigido a:<\/strong> ni\u00f1os\/as de cualquier edad.<\/li>\n\n\n\n<li><strong>Fecha:\u00a0<\/strong>28 de Diciembre de 2017<\/li>\n<\/ul>\n\n\n\n<p><span style=\"color: #ff0000; font-size: 21px;\"><strong>JUEGOS LIBRES DE MESA Y TIC\u00b4S<\/strong><\/span><\/p>\n\n\n\n<p>Los ni\u00f1os\/as podr\u00e1n jugar con divertidos juegos TIC\u00b4s y juegos de mesa.<\/p>\n\n\n\n<ul class=\"wp-block-list\">\n<li><strong>Entrada<\/strong> <strong>libre<\/strong> hasta completar aforo de 20 ni\u00f1os\/as por d\u00eda.<\/li>\n\n\n\n<li><strong>Dirigido a:<\/strong> ni\u00f1os\/as de cualquier edad.<\/li>\n\n\n\n<li><strong>Fecha:\u00a0<\/strong>2, 3, 4 y 5 de Enero de 2018<\/li>\n<\/ul>\n\n\n\n<hr class=\"wp-block-separator has-alpha-channel-opacity\"\/>\n\n\n\n<p><span style=\"color: #ff0000;\">Os recordamos igualmente que el horario del Centro Guadalinfo estas navidades es de 09:00 a 14:00 h.<\/span><\/p>\n\n\n<div class=\"wp-block-image\">\n<figure class=\"aligncenter size-large\"><img fetchpriority=\"high\" decoding=\"async\" width=\"724\" height=\"1024\" src=\"https:\/\/cullarvega.com\/casa-cultura\/wp-content\/uploads\/2023\/01\/Navidad-2017-724x1024.jpg\" alt=\"\" class=\"wp-image-20406\" srcset=\"https:\/\/cullarvega.com\/casa-cultura\/wp-content\/uploads\/2023\/01\/Navidad-2017-724x1024.jpg 724w, https:\/\/cullarvega.com\/casa-cultura\/wp-content\/uploads\/2023\/01\/Navidad-2017-212x300.jpg 212w, https:\/\/cullarvega.com\/casa-cultura\/wp-content\/uploads\/2023\/01\/Navidad-2017-768x1086.jpg 768w, https:\/\/cullarvega.com\/casa-cultura\/wp-content\/uploads\/2023\/01\/Navidad-2017-1086x1536.jpg 1086w, https:\/\/cullarvega.com\/casa-cultura\/wp-content\/uploads\/2023\/01\/Navidad-2017-1448x2048.jpg 1448w, https:\/\/cullarvega.com\/casa-cultura\/wp-content\/uploads\/2023\/01\/Navidad-2017-424x600.jpg 424w, https:\/\/cullarvega.com\/casa-cultura\/wp-content\/uploads\/2023\/01\/Navidad-2017-396x560.jpg 396w, https:\/\/cullarvega.com\/casa-cultura\/wp-content\/uploads\/2023\/01\/Navidad-2017-scaled.jpg 1810w\" sizes=\"(max-width: 724px) 100vw, 724px\" \/><\/figure>\n<\/div>","protected":false},"excerpt":{"rendered":"<p>Os presentamos las actividades para la Navidad en el Centro Guadalinfo de C\u00fallar Vega: CONOCE LA NAVIDAD Aprende a buscar por internet y descubre c\u00f3mo se viven estas fiestas en distintos puntos de Espa\u00f1a y del mundo y a sus protagonistas. Descubriremos webs donde podremos jugar y conocer m\u00e1s la Navidad. TALLER DE ROB\u00d3TICA Impartido [&hellip;]<\/p>\n","protected":false},"author":1,"featured_media":20406,"comment_status":"open","ping_status":"open","sticky":false,"template":"","format":"standard","meta":{"footnotes":""},"categories":[43],"tags":[],"class_list":["post-4392","post","type-post","status-publish","format-standard","has-post-thumbnail","hentry","category-punto-vuela"],"_links":{"self":[{"href":"https:\/\/cullarvega.com\/casa-cultura\/wp-json\/wp\/v2\/posts\/4392","targetHints":{"allow":["GET"]}}],"collection":[{"href":"https:\/\/cullarvega.com\/casa-cultura\/wp-json\/wp\/v2\/posts"}],"about":[{"href":"https:\/\/cullarvega.com\/casa-cultura\/wp-json\/wp\/v2\/types\/post"}],"author":[{"embeddable":true,"href":"https:\/\/cullarvega.com\/casa-cultura\/wp-json\/wp\/v2\/users\/1"}],"replies":[{"embeddable":true,"href":"https:\/\/cullarvega.com\/casa-cultura\/wp-json\/wp\/v2\/comments?post=4392"}],"version-history":[{"count":3,"href":"https:\/\/cullarvega.com\/casa-cultura\/wp-json\/wp\/v2\/posts\/4392\/revisions"}],"predecessor-version":[{"id":22167,"href":"https:\/\/cullarvega.com\/casa-cultura\/wp-json\/wp\/v2\/posts\/4392\/revisions\/22167"}],"wp:featuredmedia":[{"embeddable":true,"href":"https:\/\/cullarvega.com\/casa-cultura\/wp-json\/wp\/v2\/media\/20406"}],"wp:attachment":[{"href":"https:\/\/cullarvega.com\/casa-cultura\/wp-json\/wp\/v2\/media?parent=4392"}],"wp:term":[{"taxonomy":"category","embeddable":true,"href":"https:\/\/cullarvega.com\/casa-cultura\/wp-json\/wp\/v2\/categories?post=4392"},{"taxonomy":"post_tag","embeddable":true,"href":"https:\/\/cullarvega.com\/casa-cultura\/wp-json\/wp\/v2\/tags?post=4392"}],"curies":[{"name":"wp","href":"https:\/\/api.w.org\/{rel}","templated":true}]}}