{"id":4360,"date":"2017-12-26T09:44:57","date_gmt":"2017-12-26T09:44:57","guid":{"rendered":"http:\/\/www.cullarvega.com\/?p=4360"},"modified":"2023-01-11T06:37:06","modified_gmt":"2023-01-11T06:37:06","slug":"nace-la-plataforma-culleros-as-por-el-mundo","status":"publish","type":"post","link":"https:\/\/cullarvega.com\/casa-cultura\/nace-la-plataforma-culleros-as-por-el-mundo\/","title":{"rendered":"Nace la plataforma \u00abCulleros\/as por el Mundo\u00bb"},"content":{"rendered":"\n<p>El <a href=\"http:\/\/www.cullarvega.com\/centro-guadalinfo\" target=\"_blank\" rel=\"noopener\"><strong>Centro Guadalinfo<\/strong><\/a> y el <a href=\"http:\/\/www.cullarvega.com\/\" target=\"_blank\" rel=\"noopener\"><strong>Ayuntamiento de C\u00fallar Vega<\/strong><\/a> lanzan \u00ab<strong>CULLER@S POR EL MUNDO\u00bb,<\/strong>&nbsp;una&nbsp;<strong>plataforma<\/strong>&nbsp;que pretende acercar a los que <strong>hayan nacido<\/strong> o <strong>se sientan<\/strong> Culleras y Culleros y que han&nbsp;<strong>emigrado<\/strong>&nbsp;<strong>lejos<\/strong>&nbsp;de nuestra localidad, ya sea por motivos laborales, familiares, educativos \u00f3 de cualquier \u00edndole, y se encuentran fuera de la&nbsp;<strong>PROVINCIA DE&nbsp;GRANADA&nbsp;<\/strong>o fuera de&nbsp;<strong>ESPA\u00d1A<\/strong>.<\/p>\n\n\n\n<p>El objetivo de la plataforma es <strong>ACERCAR&nbsp;<\/strong>a todos estos culler@s y <strong>mostrarlos<\/strong>&nbsp;\u00ab<strong>VISUALMENTE<\/strong>\u00bb en un <strong>mapa interactivo<\/strong> y as\u00ed conocerlos un poquito m\u00e1s.<\/p>\n\n\n\n<p>El programa cuenta con 2 Fases:<\/p>\n\n\n\n<p><strong>Fase 1 &#8211; B\u00fasqueda:<\/strong>&nbsp;en una primera fase se localizar\u00e1n, por diferentes medios, a los culler@s difuminados por todo el planeta para hacerles llegar la iniciativa y animarles a participar. En todo momento la participaci\u00f3n ser\u00e1 <strong>voluntaria<\/strong>.<\/p>\n\n\n\n<p>Aquell@s Culler@s interesados en participar s\u00f3lo deben de cumplimentar el <strong>siguiente formulario<\/strong> <strong>pulsando<\/strong> <span style=\"font-size: 20px; color: #ff0000;\"><strong><a style=\"color: #ff0000;\" href=\"https:\/\/goo.gl\/B2Edrn\" target=\"_blank\" rel=\"noopener\">aqu\u00ed<\/a><\/strong><\/span><\/p>\n\n\n\n<p><strong>Fase 2 &#8211; Ubicaci\u00f3n: <\/strong>en la segunda fase se <b>ubicar\u00e1&nbsp;<\/b>el pa\u00eds, localidad y\/o situaci\u00f3n aproximada (*) de cada culler@ participante en un mapa interactivo. De esta forma se ir\u00e1 tejiendo una <strong>red de Culler@s<\/strong> en un mapa interactivo que nos ayudar\u00e1 a estar m\u00e1s cerca de nuestros paisanos.<\/p>\n\n\n\n<p class=\"has-text-align-right\"><em><span style=\"font-size: 14px;\">(*)nunca ser\u00e1 publicada la direcci\u00f3n exacta por motivos de privacidad&nbsp;<\/span><\/em><\/p>\n\n\n\n<p>As\u00ed que si conoces a alg\u00fan <strong>Cullero<\/strong> o <strong>Cullera<\/strong> que <strong>viva<\/strong>, <strong>trabaje<\/strong> o <strong>estudie<\/strong> fuera de la <strong>Provincia de Granada&nbsp;<\/strong>\u00f3 fuera de <strong>Espa\u00f1a<\/strong>, <span style=\"color: #ff0000;\"><strong>COMPARTE<\/strong> <\/span>esta publicaci\u00f3n para que cumplimente el siguiente formulario para que podamos ponernos en contacto con \u00e9l o ella .<\/p>\n\n\n\n<p><iframe src=\"https:\/\/docs.google.com\/forms\/d\/e\/1FAIpQLSc0f1DuQqJfWkpAv9hRHqmOpSRJWJgCGsYi5XkLy_JOm_c5Jg\/viewform?embedded=true\" width=\"850\" height=\"1300\" frameborder=\"0\" marginwidth=\"0\" marginheight=\"0\">Cargando&#8230;<\/iframe><\/p>\n","protected":false},"excerpt":{"rendered":"<p>El Centro Guadalinfo y el Ayuntamiento de C\u00fallar Vega lanzan \u00abCULLER@S POR EL MUNDO\u00bb,&nbsp;una&nbsp;plataforma&nbsp;que pretende acercar a los que hayan nacido o se sientan Culleras y Culleros y que han&nbsp;emigrado&nbsp;lejos&nbsp;de nuestra localidad, ya sea por motivos laborales, familiares, educativos \u00f3 de cualquier \u00edndole, y se encuentran fuera de la&nbsp;PROVINCIA DE&nbsp;GRANADA&nbsp;o fuera de&nbsp;ESPA\u00d1A. El objetivo de [&hellip;]<\/p>\n","protected":false},"author":1,"featured_media":14040,"comment_status":"open","ping_status":"open","sticky":false,"template":"","format":"standard","meta":{"footnotes":""},"categories":[43],"tags":[],"class_list":["post-4360","post","type-post","status-publish","format-standard","has-post-thumbnail","hentry","category-punto-vuela"],"_links":{"self":[{"href":"https:\/\/cullarvega.com\/casa-cultura\/wp-json\/wp\/v2\/posts\/4360","targetHints":{"allow":["GET"]}}],"collection":[{"href":"https:\/\/cullarvega.com\/casa-cultura\/wp-json\/wp\/v2\/posts"}],"about":[{"href":"https:\/\/cullarvega.com\/casa-cultura\/wp-json\/wp\/v2\/types\/post"}],"author":[{"embeddable":true,"href":"https:\/\/cullarvega.com\/casa-cultura\/wp-json\/wp\/v2\/users\/1"}],"replies":[{"embeddable":true,"href":"https:\/\/cullarvega.com\/casa-cultura\/wp-json\/wp\/v2\/comments?post=4360"}],"version-history":[{"count":2,"href":"https:\/\/cullarvega.com\/casa-cultura\/wp-json\/wp\/v2\/posts\/4360\/revisions"}],"predecessor-version":[{"id":20409,"href":"https:\/\/cullarvega.com\/casa-cultura\/wp-json\/wp\/v2\/posts\/4360\/revisions\/20409"}],"wp:featuredmedia":[{"embeddable":true,"href":"https:\/\/cullarvega.com\/casa-cultura\/wp-json\/wp\/v2\/media\/14040"}],"wp:attachment":[{"href":"https:\/\/cullarvega.com\/casa-cultura\/wp-json\/wp\/v2\/media?parent=4360"}],"wp:term":[{"taxonomy":"category","embeddable":true,"href":"https:\/\/cullarvega.com\/casa-cultura\/wp-json\/wp\/v2\/categories?post=4360"},{"taxonomy":"post_tag","embeddable":true,"href":"https:\/\/cullarvega.com\/casa-cultura\/wp-json\/wp\/v2\/tags?post=4360"}],"curies":[{"name":"wp","href":"https:\/\/api.w.org\/{rel}","templated":true}]}}