{"id":4164,"date":"2017-11-09T18:09:36","date_gmt":"2017-11-09T17:09:36","guid":{"rendered":"http:\/\/www.cullarvega.com\/?p=4164"},"modified":"2026-01-28T09:09:39","modified_gmt":"2026-01-28T07:09:39","slug":"taller-gratuito-iniciacion-internet-adultos","status":"publish","type":"post","link":"https:\/\/cullarvega.com\/casa-cultura\/taller-gratuito-iniciacion-internet-adultos\/","title":{"rendered":"Taller Gratuito de Iniciaci\u00f3n a Internet para adultos"},"content":{"rendered":"\n<p>El pr\u00f3ximo mi\u00e9rcoles <strong>15 de Noviembre<\/strong> se realizar\u00e1 un interesante <strong>Taller<\/strong> Gratuito de <b>INICIACI\u00d3N&nbsp;<\/b>a <b>INTERNET&nbsp;<\/b>en el <strong>Centro Guadalinfo de C\u00fallar Vega<\/strong> de <strong>09:00 a 14:00 h.<\/strong><\/p>\n\n\n\n<p>En el taller aprenderemos a Navegar por Internet, Buscar Informaci\u00f3n, Im\u00e1genes \u00f3 V\u00eddeos, Comprar, etc&#8230;.<\/p>\n\n\n\n<ul class=\"wp-block-list\">\n<li><strong><b>PLAZAS LIMITADAS<\/b><\/strong><\/li>\n\n\n\n<li><strong>Dirigido a: <\/strong>Cualquier personas interesada en la materia<\/li>\n\n\n\n<li><b>Fecha:<\/b>&nbsp;15 de Noviembre de 2017<\/li>\n\n\n\n<li><strong>Lugar<\/strong>: Centro Guadalinfo de C\u00fallar Vega. Casa de la Cultura<\/li>\n\n\n\n<li><strong>Inscripci\u00f3n e Informaci\u00f3n<\/strong>: Centro Guadalinfo de C\u00fallar Vega &#8211;&nbsp;Casa de la Cultura 2\u00aa planta<\/li>\n<\/ul>\n\n\n<div class=\"wp-block-image\">\n<figure class=\"aligncenter size-large\"><a href=\"https:\/\/cullarvega.com\/casa-cultura\/wp-content\/uploads\/2023\/01\/iniciacion-internet-scaled.jpg\"><img fetchpriority=\"high\" decoding=\"async\" width=\"1024\" height=\"724\" src=\"https:\/\/cullarvega.com\/casa-cultura\/wp-content\/uploads\/2023\/01\/iniciacion-internet-1024x724.jpg\" alt=\"\" class=\"wp-image-20401\" srcset=\"https:\/\/cullarvega.com\/casa-cultura\/wp-content\/uploads\/2023\/01\/iniciacion-internet-1024x724.jpg 1024w, https:\/\/cullarvega.com\/casa-cultura\/wp-content\/uploads\/2023\/01\/iniciacion-internet-300x212.jpg 300w, https:\/\/cullarvega.com\/casa-cultura\/wp-content\/uploads\/2023\/01\/iniciacion-internet-768x543.jpg 768w, https:\/\/cullarvega.com\/casa-cultura\/wp-content\/uploads\/2023\/01\/iniciacion-internet-1536x1086.jpg 1536w, https:\/\/cullarvega.com\/casa-cultura\/wp-content\/uploads\/2023\/01\/iniciacion-internet-2048x1448.jpg 2048w, https:\/\/cullarvega.com\/casa-cultura\/wp-content\/uploads\/2023\/01\/iniciacion-internet-600x424.jpg 600w, https:\/\/cullarvega.com\/casa-cultura\/wp-content\/uploads\/2023\/01\/iniciacion-internet-560x396.jpg 560w\" sizes=\"(max-width: 1024px) 100vw, 1024px\" \/><\/a><\/figure>\n<\/div>","protected":false},"excerpt":{"rendered":"<p>El pr\u00f3ximo mi\u00e9rcoles 15 de Noviembre se realizar\u00e1 un interesante Taller Gratuito de INICIACI\u00d3N&nbsp;a INTERNET&nbsp;en el Centro Guadalinfo de C\u00fallar Vega de 09:00 a 14:00 h. En el taller aprenderemos a Navegar por Internet, Buscar Informaci\u00f3n, Im\u00e1genes \u00f3 V\u00eddeos, Comprar, etc&#8230;.<\/p>\n","protected":false},"author":1,"featured_media":20401,"comment_status":"open","ping_status":"open","sticky":false,"template":"","format":"standard","meta":{"footnotes":""},"categories":[43],"tags":[],"class_list":["post-4164","post","type-post","status-publish","format-standard","has-post-thumbnail","hentry","category-punto-vuela"],"_links":{"self":[{"href":"https:\/\/cullarvega.com\/casa-cultura\/wp-json\/wp\/v2\/posts\/4164","targetHints":{"allow":["GET"]}}],"collection":[{"href":"https:\/\/cullarvega.com\/casa-cultura\/wp-json\/wp\/v2\/posts"}],"about":[{"href":"https:\/\/cullarvega.com\/casa-cultura\/wp-json\/wp\/v2\/types\/post"}],"author":[{"embeddable":true,"href":"https:\/\/cullarvega.com\/casa-cultura\/wp-json\/wp\/v2\/users\/1"}],"replies":[{"embeddable":true,"href":"https:\/\/cullarvega.com\/casa-cultura\/wp-json\/wp\/v2\/comments?post=4164"}],"version-history":[{"count":3,"href":"https:\/\/cullarvega.com\/casa-cultura\/wp-json\/wp\/v2\/posts\/4164\/revisions"}],"predecessor-version":[{"id":22176,"href":"https:\/\/cullarvega.com\/casa-cultura\/wp-json\/wp\/v2\/posts\/4164\/revisions\/22176"}],"wp:featuredmedia":[{"embeddable":true,"href":"https:\/\/cullarvega.com\/casa-cultura\/wp-json\/wp\/v2\/media\/20401"}],"wp:attachment":[{"href":"https:\/\/cullarvega.com\/casa-cultura\/wp-json\/wp\/v2\/media?parent=4164"}],"wp:term":[{"taxonomy":"category","embeddable":true,"href":"https:\/\/cullarvega.com\/casa-cultura\/wp-json\/wp\/v2\/categories?post=4164"},{"taxonomy":"post_tag","embeddable":true,"href":"https:\/\/cullarvega.com\/casa-cultura\/wp-json\/wp\/v2\/tags?post=4164"}],"curies":[{"name":"wp","href":"https:\/\/api.w.org\/{rel}","templated":true}]}}