{"id":4135,"date":"2017-11-02T18:23:54","date_gmt":"2017-11-02T17:23:54","guid":{"rendered":"http:\/\/www.cullarvega.com\/?p=4135"},"modified":"2026-01-28T09:09:14","modified_gmt":"2026-01-28T07:09:14","slug":"taller-encuentra-ruta-dentro-del-proyecto-gira-mujeres-cocacola","status":"publish","type":"post","link":"https:\/\/cullarvega.com\/casa-cultura\/taller-encuentra-ruta-dentro-del-proyecto-gira-mujeres-cocacola\/","title":{"rendered":"Taller: \u00abEncuentra tu ruta\u00bb dentro del proyecto GIRA Mujeres de CocaCola"},"content":{"rendered":"\n<p class=\"has-text-align-center\"><span style=\"font-size: 23px;\"><strong><span style=\"color: #ff0000;\">Taller para mujeres: ENCUENTRA TU RUTA<\/span><\/strong><\/span><\/p>\n\n\n\n<p class=\"has-text-align-left\">Si tienes entre <strong>23<\/strong> y <strong>60<\/strong> a\u00f1os (ambas edades incluidas), tienes ganas de <strong>emprender<\/strong>, tienes un <strong>negocio<\/strong> o est\u00e1s <strong>desempleada<\/strong> y te has planteado en alg\u00fan momento el autoempleo, en <strong>GIRA<\/strong> <strong>Mujeres<\/strong> encontrar\u00e1s inspiraci\u00f3n.<\/p>\n\n\n\n<p class=\"has-text-align-left\">Podr\u00e1s conocer tus posibilidades en un <strong>taller<\/strong> <strong>presencial<\/strong> con dos sesiones de<strong> 4 h<\/strong> cada una y posteriormente, podr\u00e1s acceder a una <strong>formaci\u00f3n<\/strong> <strong>on-line<\/strong> para madurar tu idea de negocio.<\/p>\n\n\n\n<ul class=\"wp-block-list\">\n<li><strong>Donde:<\/strong> Centro Guadalinfo de C\u00fallar Vega (Paseo Ger\u00f3nimo de Rueda S\/N Casa de la Cultura de C\u00fallar Vega)<\/li>\n\n\n\n<li><strong>D\u00edas:<\/strong>\n<ul class=\"wp-block-list\">\n<li><strong>Para mujeres emprendedoras y\/o desempleadas:<\/strong> 20 y 21 de Noviembre de 2017 <\/li>\n\n\n\n<li><strong>Para mujeres empresarias<\/strong>: 20 y 21 de Noviembre de 2017 <\/li>\n<\/ul>\n<\/li>\n\n\n\n<li><strong>Inscripci\u00f3n<\/strong>:&nbsp;<a href=\"https:\/\/preinscripcion.giramujeres.com\/alma\" target=\"_blank\" rel=\"noopener\">https:\/\/preinscripcion.giramujeres.com\/alma<\/a><\/li>\n\n\n\n<li><strong>Informaci\u00f3n<\/strong>:&nbsp;682 91 59 62,&nbsp;<a href=\"mailto:marta@almanatura.com\">marta@almanatura.com<\/a>, <a href=\"mailto:guadalinfo.cullarvega@guadalinfo.es\">guadalinfo.cullarvega@guadalinfo.es&nbsp;<\/a><\/li>\n\n\n\n<li><strong>Dirigido a:<\/strong> ideas de negocio potencialmente relacionadas con la actividad del sector Alimentaci\u00f3n y Bebidas. Esto incluye los siguientes sectores: agr\u00edcola, alimentario, energ\u00e9tico, industrial, distribuci\u00f3n y log\u00edstica, servicios, hosteler\u00eda y peque\u00f1o comercio y reciclaje.<\/li>\n\n\n\n<li><strong>Aforo:<\/strong> 15 mujeres por curso a cubrir por estricto orden de inscripci\u00f3n.<\/li>\n<\/ul>\n\n\n\n<hr class=\"wp-block-separator has-alpha-channel-opacity\"\/>\n\n\n\n<p class=\"has-text-align-center\"><span style=\"color: #ff0000; font-size: 20px;\"><strong>Si tienes ilusi\u00f3n, tienes nuestro apoyo<\/strong><\/span><\/p>\n\n\n\n<p><strong>Gira Mujeres<\/strong> te ofrece formaci\u00f3n, asesor\u00eda e impulso para ayudarte a encontrar<strong> ideas para crear y sacar adelante tu propio negocio.<\/strong><\/p>\n\n\n\n<hr class=\"wp-block-separator has-alpha-channel-opacity\"\/>\n\n\n\n<p>Un proyecto de <strong>CocaCola<\/strong>, organizado por <strong>Almanatura<\/strong> y en colaboraci\u00f3n con el <strong>Ayuntamiento<\/strong> de <strong>C\u00fallar Vega<\/strong> y el <strong>Centro Guadalinfo de C\u00fallar Vega<\/strong><\/p>\n\n\n<div class=\"wp-block-image\">\n<figure class=\"aligncenter size-large\"><a href=\"https:\/\/cullarvega.com\/casa-cultura\/wp-content\/uploads\/2023\/01\/Cartel_GIRA__Cullar-Vega.jpg\"><img fetchpriority=\"high\" decoding=\"async\" width=\"580\" height=\"1024\" src=\"https:\/\/cullarvega.com\/casa-cultura\/wp-content\/uploads\/2023\/01\/Cartel_GIRA__Cullar-Vega-580x1024.jpg\" alt=\"\" class=\"wp-image-20399\" srcset=\"https:\/\/cullarvega.com\/casa-cultura\/wp-content\/uploads\/2023\/01\/Cartel_GIRA__Cullar-Vega-580x1024.jpg 580w, https:\/\/cullarvega.com\/casa-cultura\/wp-content\/uploads\/2023\/01\/Cartel_GIRA__Cullar-Vega-170x300.jpg 170w, https:\/\/cullarvega.com\/casa-cultura\/wp-content\/uploads\/2023\/01\/Cartel_GIRA__Cullar-Vega-768x1355.jpg 768w, https:\/\/cullarvega.com\/casa-cultura\/wp-content\/uploads\/2023\/01\/Cartel_GIRA__Cullar-Vega-871x1536.jpg 871w, https:\/\/cullarvega.com\/casa-cultura\/wp-content\/uploads\/2023\/01\/Cartel_GIRA__Cullar-Vega-1161x2048.jpg 1161w, https:\/\/cullarvega.com\/casa-cultura\/wp-content\/uploads\/2023\/01\/Cartel_GIRA__Cullar-Vega-340x600.jpg 340w, https:\/\/cullarvega.com\/casa-cultura\/wp-content\/uploads\/2023\/01\/Cartel_GIRA__Cullar-Vega-317x560.jpg 317w, https:\/\/cullarvega.com\/casa-cultura\/wp-content\/uploads\/2023\/01\/Cartel_GIRA__Cullar-Vega.jpg 1299w\" sizes=\"(max-width: 580px) 100vw, 580px\" \/><\/a><\/figure>\n<\/div>","protected":false},"excerpt":{"rendered":"<p>Taller para mujeres: ENCUENTRA TU RUTA Si tienes entre 23 y 60 a\u00f1os (ambas edades incluidas), tienes ganas de emprender, tienes un negocio o est\u00e1s desempleada y te has planteado en alg\u00fan momento el autoempleo, en GIRA Mujeres encontrar\u00e1s inspiraci\u00f3n. Podr\u00e1s conocer tus posibilidades en un taller presencial con dos sesiones de 4 h cada [&hellip;]<\/p>\n","protected":false},"author":1,"featured_media":20399,"comment_status":"open","ping_status":"open","sticky":false,"template":"","format":"standard","meta":{"footnotes":""},"categories":[43],"tags":[],"class_list":["post-4135","post","type-post","status-publish","format-standard","has-post-thumbnail","hentry","category-punto-vuela"],"_links":{"self":[{"href":"https:\/\/cullarvega.com\/casa-cultura\/wp-json\/wp\/v2\/posts\/4135","targetHints":{"allow":["GET"]}}],"collection":[{"href":"https:\/\/cullarvega.com\/casa-cultura\/wp-json\/wp\/v2\/posts"}],"about":[{"href":"https:\/\/cullarvega.com\/casa-cultura\/wp-json\/wp\/v2\/types\/post"}],"author":[{"embeddable":true,"href":"https:\/\/cullarvega.com\/casa-cultura\/wp-json\/wp\/v2\/users\/1"}],"replies":[{"embeddable":true,"href":"https:\/\/cullarvega.com\/casa-cultura\/wp-json\/wp\/v2\/comments?post=4135"}],"version-history":[{"count":3,"href":"https:\/\/cullarvega.com\/casa-cultura\/wp-json\/wp\/v2\/posts\/4135\/revisions"}],"predecessor-version":[{"id":22175,"href":"https:\/\/cullarvega.com\/casa-cultura\/wp-json\/wp\/v2\/posts\/4135\/revisions\/22175"}],"wp:featuredmedia":[{"embeddable":true,"href":"https:\/\/cullarvega.com\/casa-cultura\/wp-json\/wp\/v2\/media\/20399"}],"wp:attachment":[{"href":"https:\/\/cullarvega.com\/casa-cultura\/wp-json\/wp\/v2\/media?parent=4135"}],"wp:term":[{"taxonomy":"category","embeddable":true,"href":"https:\/\/cullarvega.com\/casa-cultura\/wp-json\/wp\/v2\/categories?post=4135"},{"taxonomy":"post_tag","embeddable":true,"href":"https:\/\/cullarvega.com\/casa-cultura\/wp-json\/wp\/v2\/tags?post=4135"}],"curies":[{"name":"wp","href":"https:\/\/api.w.org\/{rel}","templated":true}]}}