{"id":4057,"date":"2017-10-16T09:47:57","date_gmt":"2017-10-16T07:47:57","guid":{"rendered":"http:\/\/www.cullarvega.com\/?p=4057"},"modified":"2023-01-11T06:33:34","modified_gmt":"2023-01-11T06:33:34","slug":"curso-aprender-jugando-las-tics-ninosas-3-5-anos","status":"publish","type":"post","link":"https:\/\/cullarvega.com\/casa-cultura\/curso-aprender-jugando-las-tics-ninosas-3-5-anos\/","title":{"rendered":"Curso para aprender jugando con las TIC\u00b4s para ni\u00f1os\/as de 3 a 5 a\u00f1os"},"content":{"rendered":"\n<p>El <strong>Centro Guadalinfo de C\u00fallar Vega,<\/strong> en colaboraci\u00f3n con el<strong> A.M.P.A. \u00abLos Colorines\u00bb<\/strong> del <strong>Colegio Infantil \u00abLa Vi\u00f1a\u00bb<\/strong> de C\u00fallar Vega, ha organizado un curso de <strong>Iniciaci\u00f3n<\/strong> a las <strong>Nuevas<\/strong> <strong>Tecnolog\u00edas<\/strong> para ni\u00f1os y ni\u00f1as del ciclo infantil de 3 a 5 a\u00f1os.<\/p>\n\n\n\n<p>En este curso los ni\u00f1os se familiarizar\u00e1n con el <strong>rat\u00f3n<\/strong>, <strong>teclado<\/strong> y <strong>pantalla<\/strong> y aprender\u00e1n a usuarlos jugando.<\/p>\n\n\n\n<ul class=\"wp-block-list\">\n<li><strong><b>PLAZAS LIMITADAS<\/b><\/strong><\/li>\n\n\n\n<li><strong>Dirigido a:&nbsp;<\/strong>ni\u00f1os\/as de 3 a 5 a\u00f1os aprox.<\/li>\n\n\n\n<li><b>Fecha<\/b>&nbsp;24 y 31 octubre de 2017<\/li>\n\n\n\n<li><strong>Horario<\/strong>: 16:30 a 17:30 h.<\/li>\n\n\n\n<li><strong>Lugar<\/strong>: Centro Guadalinfo de C\u00fallar Vega. Casa de la Cultura<\/li>\n\n\n\n<li><strong>Inscripci\u00f3n:&nbsp;<\/strong>puedes inscribirte en algunas de las siguientes formas<strong>:<\/strong>\n<ul class=\"wp-block-list\">\n<li><a href=\"https:\/\/docs.google.com\/forms\/d\/e\/1FAIpQLSeCC1Zhu7l_wvK0ZLJjFtA31aQS_Tu_PEgYfIHD0N3sWDqF-g\/viewform\"><strong>V\u00eda Online<\/strong><\/a><\/li>\n\n\n\n<li>Pas\u00e1ndote por el<strong>&nbsp;Centro Guadalinfo de C\u00fallar Vega:&nbsp;<\/strong>Casa de la Cultura 2\u00aa planta<\/li>\n\n\n\n<li>A trav\u00e9s del<strong>&nbsp;email<\/strong>&nbsp;<a href=\"mailto:guadalinfo.cullarvega@guadalinfo.es\"><strong>guadalinfo.cullarvega@guadalinfo.es<\/strong><\/a><\/li>\n<\/ul>\n<\/li>\n<\/ul>\n\n\n<div class=\"wp-block-image\">\n<figure class=\"aligncenter size-large\"><a href=\"https:\/\/cullarvega.com\/casa-cultura\/wp-content\/uploads\/2023\/01\/WhatsApp-Image-2017-10-15-at-21.45.48.jpeg\"><img fetchpriority=\"high\" decoding=\"async\" width=\"1024\" height=\"724\" src=\"https:\/\/cullarvega.com\/casa-cultura\/wp-content\/uploads\/2023\/01\/WhatsApp-Image-2017-10-15-at-21.45.48-1024x724.jpeg\" alt=\"\" class=\"wp-image-20392\" srcset=\"https:\/\/cullarvega.com\/casa-cultura\/wp-content\/uploads\/2023\/01\/WhatsApp-Image-2017-10-15-at-21.45.48-1024x724.jpeg 1024w, https:\/\/cullarvega.com\/casa-cultura\/wp-content\/uploads\/2023\/01\/WhatsApp-Image-2017-10-15-at-21.45.48-300x212.jpeg 300w, https:\/\/cullarvega.com\/casa-cultura\/wp-content\/uploads\/2023\/01\/WhatsApp-Image-2017-10-15-at-21.45.48-768x543.jpeg 768w, https:\/\/cullarvega.com\/casa-cultura\/wp-content\/uploads\/2023\/01\/WhatsApp-Image-2017-10-15-at-21.45.48-1536x1086.jpeg 1536w, https:\/\/cullarvega.com\/casa-cultura\/wp-content\/uploads\/2023\/01\/WhatsApp-Image-2017-10-15-at-21.45.48-600x424.jpeg 600w, https:\/\/cullarvega.com\/casa-cultura\/wp-content\/uploads\/2023\/01\/WhatsApp-Image-2017-10-15-at-21.45.48-560x396.jpeg 560w, https:\/\/cullarvega.com\/casa-cultura\/wp-content\/uploads\/2023\/01\/WhatsApp-Image-2017-10-15-at-21.45.48.jpeg 1600w\" sizes=\"(max-width: 1024px) 100vw, 1024px\" \/><\/a><\/figure>\n<\/div>\n\n\n<p><a href=\"https:\/\/docs.google.com\/forms\/d\/e\/1FAIpQLSeCC1Zhu7l_wvK0ZLJjFtA31aQS_Tu_PEgYfIHD0N3sWDqF-g\/viewform\" target=\"_blank\" rel=\"noopener\"><br><\/a><\/p>\n","protected":false},"excerpt":{"rendered":"<p>El Centro Guadalinfo de C\u00fallar Vega, en colaboraci\u00f3n con el A.M.P.A. \u00abLos Colorines\u00bb del Colegio Infantil \u00abLa Vi\u00f1a\u00bb de C\u00fallar Vega, ha organizado un curso de Iniciaci\u00f3n a las Nuevas Tecnolog\u00edas para ni\u00f1os y ni\u00f1as del ciclo infantil de 3 a 5 a\u00f1os. En este curso los ni\u00f1os se familiarizar\u00e1n con el rat\u00f3n, teclado y [&hellip;]<\/p>\n","protected":false},"author":1,"featured_media":20392,"comment_status":"open","ping_status":"open","sticky":false,"template":"","format":"standard","meta":{"footnotes":""},"categories":[43],"tags":[],"class_list":["post-4057","post","type-post","status-publish","format-standard","has-post-thumbnail","hentry","category-punto-vuela"],"_links":{"self":[{"href":"https:\/\/cullarvega.com\/casa-cultura\/wp-json\/wp\/v2\/posts\/4057","targetHints":{"allow":["GET"]}}],"collection":[{"href":"https:\/\/cullarvega.com\/casa-cultura\/wp-json\/wp\/v2\/posts"}],"about":[{"href":"https:\/\/cullarvega.com\/casa-cultura\/wp-json\/wp\/v2\/types\/post"}],"author":[{"embeddable":true,"href":"https:\/\/cullarvega.com\/casa-cultura\/wp-json\/wp\/v2\/users\/1"}],"replies":[{"embeddable":true,"href":"https:\/\/cullarvega.com\/casa-cultura\/wp-json\/wp\/v2\/comments?post=4057"}],"version-history":[{"count":2,"href":"https:\/\/cullarvega.com\/casa-cultura\/wp-json\/wp\/v2\/posts\/4057\/revisions"}],"predecessor-version":[{"id":20393,"href":"https:\/\/cullarvega.com\/casa-cultura\/wp-json\/wp\/v2\/posts\/4057\/revisions\/20393"}],"wp:featuredmedia":[{"embeddable":true,"href":"https:\/\/cullarvega.com\/casa-cultura\/wp-json\/wp\/v2\/media\/20392"}],"wp:attachment":[{"href":"https:\/\/cullarvega.com\/casa-cultura\/wp-json\/wp\/v2\/media?parent=4057"}],"wp:term":[{"taxonomy":"category","embeddable":true,"href":"https:\/\/cullarvega.com\/casa-cultura\/wp-json\/wp\/v2\/categories?post=4057"},{"taxonomy":"post_tag","embeddable":true,"href":"https:\/\/cullarvega.com\/casa-cultura\/wp-json\/wp\/v2\/tags?post=4057"}],"curies":[{"name":"wp","href":"https:\/\/api.w.org\/{rel}","templated":true}]}}