{"id":4048,"date":"2017-10-11T06:46:01","date_gmt":"2017-10-11T04:46:01","guid":{"rendered":"http:\/\/www.cullarvega.com\/?p=4048"},"modified":"2026-01-28T09:08:58","modified_gmt":"2026-01-28T07:08:58","slug":"taller-iniciacion-al-diseno-3d-ninosas-tinkercad","status":"publish","type":"post","link":"https:\/\/cullarvega.com\/casa-cultura\/taller-iniciacion-al-diseno-3d-ninosas-tinkercad\/","title":{"rendered":"Taller de Iniciaci\u00f3n al Dise\u00f1o 3D para ni\u00f1os\/as: Tinkercad"},"content":{"rendered":"\n<p>El pr\u00f3ximo martes 17 de Octubre tendr\u00e1 lugar un <strong>Taller Gratuito de Iniciaci\u00f3n al Dise\u00f1o 3D para ni\u00f1os\/as<\/strong> con el programa <strong>Tinkercad<\/strong><\/p>\n\n\n\n<ul class=\"wp-block-list\">\n<li><strong><b>PLAZAS LIMITADAS<\/b><\/strong><\/li>\n\n\n\n<li><strong>Dirigido a: <\/strong>ni\u00f1os\/as de 8 a 12 a\u00f1os aprox.<\/li>\n\n\n\n<li><b>Fecha<\/b> 17 de octubre de 2017<\/li>\n\n\n\n<li><strong>Lugar<\/strong>: Centro Guadalinfo de C\u00fallar Vega. Casa de la Cultura<\/li>\n\n\n\n<li><strong>Inscripci\u00f3n: <\/strong>puedes inscribirte en algunas de las siguientes formas<strong>:<\/strong>\n<ul class=\"wp-block-list\">\n<li><a href=\"https:\/\/goo.gl\/H52fVZ\"><strong>V\u00eda Online<\/strong><\/a><\/li>\n\n\n\n<li>Pas\u00e1ndote por el<strong> Centro Guadalinfo de C\u00fallar Vega:&nbsp;<\/strong>Casa de la Cultura 2\u00aa planta<\/li>\n\n\n\n<li>A trav\u00e9s del<strong> email<\/strong> <a href=\"mailto:guadalinfo.cullarvega@guadalinfo.es\"><strong>guadalinfo.cullarvega@guadalinfo.es<\/strong><\/a><\/li>\n<\/ul>\n<\/li>\n<\/ul>\n\n\n\n<p><strong>PLAZAS LIMITADAS<\/strong><\/p>\n\n\n<div class=\"wp-block-image\">\n<figure class=\"aligncenter size-large\"><a href=\"https:\/\/cullarvega.com\/casa-cultura\/wp-content\/uploads\/2023\/01\/diseno3d-ninos-scaled.jpg\"><img fetchpriority=\"high\" decoding=\"async\" width=\"1024\" height=\"724\" src=\"https:\/\/cullarvega.com\/casa-cultura\/wp-content\/uploads\/2023\/01\/diseno3d-ninos-1024x724.jpg\" alt=\"\" class=\"wp-image-20390\" srcset=\"https:\/\/cullarvega.com\/casa-cultura\/wp-content\/uploads\/2023\/01\/diseno3d-ninos-1024x724.jpg 1024w, https:\/\/cullarvega.com\/casa-cultura\/wp-content\/uploads\/2023\/01\/diseno3d-ninos-300x212.jpg 300w, https:\/\/cullarvega.com\/casa-cultura\/wp-content\/uploads\/2023\/01\/diseno3d-ninos-768x543.jpg 768w, https:\/\/cullarvega.com\/casa-cultura\/wp-content\/uploads\/2023\/01\/diseno3d-ninos-1536x1086.jpg 1536w, https:\/\/cullarvega.com\/casa-cultura\/wp-content\/uploads\/2023\/01\/diseno3d-ninos-2048x1448.jpg 2048w, https:\/\/cullarvega.com\/casa-cultura\/wp-content\/uploads\/2023\/01\/diseno3d-ninos-600x424.jpg 600w, https:\/\/cullarvega.com\/casa-cultura\/wp-content\/uploads\/2023\/01\/diseno3d-ninos-560x396.jpg 560w\" sizes=\"(max-width: 1024px) 100vw, 1024px\" \/><\/a><\/figure>\n<\/div>","protected":false},"excerpt":{"rendered":"<p>El pr\u00f3ximo martes 17 de Octubre tendr\u00e1 lugar un Taller Gratuito de Iniciaci\u00f3n al Dise\u00f1o 3D para ni\u00f1os\/as con el programa Tinkercad PLAZAS LIMITADAS<\/p>\n","protected":false},"author":1,"featured_media":20390,"comment_status":"open","ping_status":"open","sticky":false,"template":"","format":"standard","meta":{"footnotes":""},"categories":[43],"tags":[],"class_list":["post-4048","post","type-post","status-publish","format-standard","has-post-thumbnail","hentry","category-punto-vuela"],"_links":{"self":[{"href":"https:\/\/cullarvega.com\/casa-cultura\/wp-json\/wp\/v2\/posts\/4048","targetHints":{"allow":["GET"]}}],"collection":[{"href":"https:\/\/cullarvega.com\/casa-cultura\/wp-json\/wp\/v2\/posts"}],"about":[{"href":"https:\/\/cullarvega.com\/casa-cultura\/wp-json\/wp\/v2\/types\/post"}],"author":[{"embeddable":true,"href":"https:\/\/cullarvega.com\/casa-cultura\/wp-json\/wp\/v2\/users\/1"}],"replies":[{"embeddable":true,"href":"https:\/\/cullarvega.com\/casa-cultura\/wp-json\/wp\/v2\/comments?post=4048"}],"version-history":[{"count":3,"href":"https:\/\/cullarvega.com\/casa-cultura\/wp-json\/wp\/v2\/posts\/4048\/revisions"}],"predecessor-version":[{"id":22173,"href":"https:\/\/cullarvega.com\/casa-cultura\/wp-json\/wp\/v2\/posts\/4048\/revisions\/22173"}],"wp:featuredmedia":[{"embeddable":true,"href":"https:\/\/cullarvega.com\/casa-cultura\/wp-json\/wp\/v2\/media\/20390"}],"wp:attachment":[{"href":"https:\/\/cullarvega.com\/casa-cultura\/wp-json\/wp\/v2\/media?parent=4048"}],"wp:term":[{"taxonomy":"category","embeddable":true,"href":"https:\/\/cullarvega.com\/casa-cultura\/wp-json\/wp\/v2\/categories?post=4048"},{"taxonomy":"post_tag","embeddable":true,"href":"https:\/\/cullarvega.com\/casa-cultura\/wp-json\/wp\/v2\/tags?post=4048"}],"curies":[{"name":"wp","href":"https:\/\/api.w.org\/{rel}","templated":true}]}}