{"id":3992,"date":"2017-10-04T13:09:10","date_gmt":"2017-10-04T11:09:10","guid":{"rendered":"http:\/\/www.cullarvega.com\/?p=3992"},"modified":"2026-01-28T09:08:57","modified_gmt":"2026-01-28T07:08:57","slug":"taller-redactar-curriculum-vitae","status":"publish","type":"post","link":"https:\/\/cullarvega.com\/casa-cultura\/taller-redactar-curriculum-vitae\/","title":{"rendered":"Taller de \u00abC\u00f3mo redactar un Curr\u00edculum Vitae\u00bb"},"content":{"rendered":"\n<p>El pr\u00f3ximo mi\u00e9rcoles 11 de Octubre tendr\u00e1 lugar un Taller de \u00ab<strong>C\u00d3MO REDACTAR UN CURR\u00cdCULUM VITAE<\/strong>\u00bb en el que se analizar\u00e1n los <strong>PUNTOS FUERTES E IMPORTANTES<\/strong> a tener en cuenta<\/p>\n\n\n\n<ul class=\"wp-block-list\">\n<li><strong>DIRIGIDO A: <\/strong>personas desempleadas o cualquier persona interesada en la tem\u00e1tica<\/li>\n\n\n\n<li><strong>FECHA<\/strong>: 11 de octubre de 2017<\/li>\n\n\n\n<li><strong>LUGAR<\/strong>: Centro Guadalinfo de C\u00fallar Vega. Casa de la Cultura 2\u00aa planta<\/li>\n\n\n\n<li><strong>IMPRESCINDIBLE<\/strong>: traer el Curr\u00edculum Vitae impreso o en un memoria externa<\/li>\n\n\n\n<li><strong>TALLER GRATUITO<\/strong><\/li>\n\n\n\n<li><strong>INSCRIPCI\u00d3N &#8211;<\/strong>&nbsp;puedes inscribirte en algunas de las siguientes formas<strong>:<\/strong>\n<ul class=\"wp-block-list\">\n<li><a href=\"https:\/\/docs.google.com\/forms\/d\/e\/1FAIpQLSdQj54OldAf3GOaASEp6uTgKH0RL23sJ-kn3S99TReYMaDmzw\/viewform\"><strong>V\u00eda Online<\/strong><\/a><\/li>\n\n\n\n<li>Pas\u00e1ndote por el<strong> Centro Guadalinfo de C\u00fallar Vega:&nbsp;<\/strong>Casa de la Cultura 2\u00aa planta<\/li>\n\n\n\n<li>A trav\u00e9s del<strong> email<\/strong> <a href=\"mailto:guadalinfo.cullarvega@guadalinfo.es\"><strong>guadalinfo.cullarvega@guadalinfo.es<\/strong><\/a><\/li>\n<\/ul>\n<\/li>\n<\/ul>\n\n\n\n<p class=\"has-text-align-center\"><span style=\"font-size: 20px; color: #ff0000;\"><strong>PLAZAS LIMITADAS<\/strong><\/span><\/p>\n\n\n<div class=\"wp-block-image\">\n<figure class=\"aligncenter size-large\"><a href=\"https:\/\/cullarvega.com\/casa-cultura\/wp-content\/uploads\/2023\/01\/como-elaborar-un-cv-vitae-scaled.jpg\"><img fetchpriority=\"high\" decoding=\"async\" width=\"1024\" height=\"724\" src=\"https:\/\/cullarvega.com\/casa-cultura\/wp-content\/uploads\/2023\/01\/como-elaborar-un-cv-vitae-1024x724.jpg\" alt=\"\" class=\"wp-image-20387\" srcset=\"https:\/\/cullarvega.com\/casa-cultura\/wp-content\/uploads\/2023\/01\/como-elaborar-un-cv-vitae-1024x724.jpg 1024w, https:\/\/cullarvega.com\/casa-cultura\/wp-content\/uploads\/2023\/01\/como-elaborar-un-cv-vitae-300x212.jpg 300w, https:\/\/cullarvega.com\/casa-cultura\/wp-content\/uploads\/2023\/01\/como-elaborar-un-cv-vitae-768x543.jpg 768w, https:\/\/cullarvega.com\/casa-cultura\/wp-content\/uploads\/2023\/01\/como-elaborar-un-cv-vitae-1536x1086.jpg 1536w, https:\/\/cullarvega.com\/casa-cultura\/wp-content\/uploads\/2023\/01\/como-elaborar-un-cv-vitae-2048x1448.jpg 2048w, https:\/\/cullarvega.com\/casa-cultura\/wp-content\/uploads\/2023\/01\/como-elaborar-un-cv-vitae-600x424.jpg 600w, https:\/\/cullarvega.com\/casa-cultura\/wp-content\/uploads\/2023\/01\/como-elaborar-un-cv-vitae-560x396.jpg 560w\" sizes=\"(max-width: 1024px) 100vw, 1024px\" \/><\/a><\/figure>\n<\/div>","protected":false},"excerpt":{"rendered":"<p>El pr\u00f3ximo mi\u00e9rcoles 11 de Octubre tendr\u00e1 lugar un Taller de \u00abC\u00d3MO REDACTAR UN CURR\u00cdCULUM VITAE\u00bb en el que se analizar\u00e1n los PUNTOS FUERTES E IMPORTANTES a tener en cuenta PLAZAS LIMITADAS<\/p>\n","protected":false},"author":1,"featured_media":20387,"comment_status":"open","ping_status":"open","sticky":false,"template":"","format":"standard","meta":{"footnotes":""},"categories":[43],"tags":[],"class_list":["post-3992","post","type-post","status-publish","format-standard","has-post-thumbnail","hentry","category-punto-vuela"],"_links":{"self":[{"href":"https:\/\/cullarvega.com\/casa-cultura\/wp-json\/wp\/v2\/posts\/3992","targetHints":{"allow":["GET"]}}],"collection":[{"href":"https:\/\/cullarvega.com\/casa-cultura\/wp-json\/wp\/v2\/posts"}],"about":[{"href":"https:\/\/cullarvega.com\/casa-cultura\/wp-json\/wp\/v2\/types\/post"}],"author":[{"embeddable":true,"href":"https:\/\/cullarvega.com\/casa-cultura\/wp-json\/wp\/v2\/users\/1"}],"replies":[{"embeddable":true,"href":"https:\/\/cullarvega.com\/casa-cultura\/wp-json\/wp\/v2\/comments?post=3992"}],"version-history":[{"count":3,"href":"https:\/\/cullarvega.com\/casa-cultura\/wp-json\/wp\/v2\/posts\/3992\/revisions"}],"predecessor-version":[{"id":22172,"href":"https:\/\/cullarvega.com\/casa-cultura\/wp-json\/wp\/v2\/posts\/3992\/revisions\/22172"}],"wp:featuredmedia":[{"embeddable":true,"href":"https:\/\/cullarvega.com\/casa-cultura\/wp-json\/wp\/v2\/media\/20387"}],"wp:attachment":[{"href":"https:\/\/cullarvega.com\/casa-cultura\/wp-json\/wp\/v2\/media?parent=3992"}],"wp:term":[{"taxonomy":"category","embeddable":true,"href":"https:\/\/cullarvega.com\/casa-cultura\/wp-json\/wp\/v2\/categories?post=3992"},{"taxonomy":"post_tag","embeddable":true,"href":"https:\/\/cullarvega.com\/casa-cultura\/wp-json\/wp\/v2\/tags?post=3992"}],"curies":[{"name":"wp","href":"https:\/\/api.w.org\/{rel}","templated":true}]}}