{"id":3931,"date":"2017-09-22T09:21:20","date_gmt":"2017-09-22T07:21:20","guid":{"rendered":"http:\/\/www.cullarvega.com\/?p=3931"},"modified":"2023-01-11T07:23:47","modified_gmt":"2023-01-11T07:23:47","slug":"centro-guadalinfo-estrena-nueva-ubicacion","status":"publish","type":"post","link":"https:\/\/cullarvega.com\/casa-cultura\/centro-guadalinfo-estrena-nueva-ubicacion\/","title":{"rendered":"El Centro Guadalinfo de C\u00fallar Vega estrena nueva ubicaci\u00f3n"},"content":{"rendered":"\n<h3 class=\"wp-block-heading\">El Centro Guadalinfo de C\u00fallar Vega,&nbsp;una red <strong>100% p\u00fablica<\/strong> de de <strong>acceso ciudadano<\/strong> a la <strong>sociedad de la informaci\u00f3n,&nbsp;<\/strong>cambia su ubicaci\u00f3n.<\/h3>\n\n\n\n<hr class=\"wp-block-separator has-alpha-channel-opacity\"\/>\n\n\n<div class=\"wp-block-image\">\n<figure class=\"alignright\"><img decoding=\"async\" src=\"http:\/\/www.cullarvega.com\/wp-content\/uploads\/2017\/09\/WhatsApp-Image-2017-09-21-at-14.13.55-1.jpeg\" alt=\"\" class=\"wp-image-3935\"\/><\/figure>\n<\/div>\n\n\n<p>El Centro Guadalinfo, que hasta hace unos d\u00edas compart\u00eda ubicaci\u00f3n con la <strong>Biblioteca de C\u00fallar Vega,&nbsp;<\/strong>se ha trasladado a la 2\u00aa planta de la Casa de la Cultura (Aula 3).<\/p>\n\n\n\n<p>Con este cambio el <strong>Centro<\/strong> <strong>Guadalinfo<\/strong> mejora las prestaciones y servicios a sus usuarios y de paso la <strong>Biblioteca<\/strong> ve aumentado su espacio dedicado a lectura, zona de estudio y consulta.<\/p>\n\n\n\n<h2 class=\"wp-block-heading\">\u00bfQu\u00e9 servicios ofrece el Centro Guadalinfo?<\/h2>\n\n\n\n<ul class=\"wp-block-list\">\n<li><strong>Actividades<\/strong> y <strong>Talleres<\/strong> formativos relacionados con las TIC\u00b4s.<\/li>\n\n\n\n<li><strong>Tr\u00e1mites<\/strong> online<\/li>\n\n\n\n<li>Obtenci\u00f3n del <strong>Certificado<\/strong> <strong>Digital<\/strong> y <strong>Vida<\/strong> <strong>Laboral<\/strong><\/li>\n\n\n\n<li><strong>Asesoramiento<\/strong> a empresas y emprendedores en TIC\u00b4s<\/li>\n\n\n\n<li><strong>Apoyo<\/strong> en la b\u00fasqueda de <strong>empleo<\/strong> e <strong>iniciativas<\/strong> empresariales<\/li>\n<\/ul>\n\n\n\n<p>M\u00e1s informaci\u00f3n en el email: <a href=\"mailto:guadalinfo.cullarvega@guadalinfo.es\">guadalinfo.cullarvega@guadalinfo.es<\/a><\/p>\n\n\n\n<blockquote class=\"wp-block-quote is-layout-flow wp-block-quote-is-layout-flow\">\n<p class=\"has-text-align-center\"><strong>OS ESPERAMOS EN LA 2\u00aa PLANTA (AULA 3) DE LA CASA DE LA CULTURA<\/strong><\/p>\n<\/blockquote>\n\n\n\n<figure class=\"wp-block-image size-large\"><a href=\"https:\/\/cullarvega.com\/casa-cultura\/wp-content\/uploads\/2020\/07\/Interior-5.jpeg\"><img fetchpriority=\"high\" decoding=\"async\" width=\"1024\" height=\"576\" src=\"https:\/\/cullarvega.com\/casa-cultura\/wp-content\/uploads\/2020\/07\/Interior-5-1024x576.jpeg\" alt=\"\" class=\"wp-image-14151\" srcset=\"https:\/\/cullarvega.com\/casa-cultura\/wp-content\/uploads\/2020\/07\/Interior-5-1024x576.jpeg 1024w, https:\/\/cullarvega.com\/casa-cultura\/wp-content\/uploads\/2020\/07\/Interior-5-300x169.jpeg 300w, https:\/\/cullarvega.com\/casa-cultura\/wp-content\/uploads\/2020\/07\/Interior-5-768x432.jpeg 768w, https:\/\/cullarvega.com\/casa-cultura\/wp-content\/uploads\/2020\/07\/Interior-5-600x338.jpeg 600w, https:\/\/cullarvega.com\/casa-cultura\/wp-content\/uploads\/2020\/07\/Interior-5-560x315.jpeg 560w, https:\/\/cullarvega.com\/casa-cultura\/wp-content\/uploads\/2020\/07\/Interior-5.jpeg 1328w\" sizes=\"(max-width: 1024px) 100vw, 1024px\" \/><\/a><\/figure>\n","protected":false},"excerpt":{"rendered":"<p>El Centro Guadalinfo de C\u00fallar Vega,&nbsp;una red 100% p\u00fablica de de acceso ciudadano a la sociedad de la informaci\u00f3n,&nbsp;cambia su ubicaci\u00f3n. El Centro Guadalinfo, que hasta hace unos d\u00edas compart\u00eda ubicaci\u00f3n con la Biblioteca de C\u00fallar Vega,&nbsp;se ha trasladado a la 2\u00aa planta de la Casa de la Cultura (Aula 3). Con este cambio el [&hellip;]<\/p>\n","protected":false},"author":1,"featured_media":14151,"comment_status":"open","ping_status":"open","sticky":false,"template":"","format":"standard","meta":{"footnotes":""},"categories":[176,43],"tags":[],"class_list":["post-3931","post","type-post","status-publish","format-standard","has-post-thumbnail","hentry","category-formacion","category-punto-vuela"],"_links":{"self":[{"href":"https:\/\/cullarvega.com\/casa-cultura\/wp-json\/wp\/v2\/posts\/3931","targetHints":{"allow":["GET"]}}],"collection":[{"href":"https:\/\/cullarvega.com\/casa-cultura\/wp-json\/wp\/v2\/posts"}],"about":[{"href":"https:\/\/cullarvega.com\/casa-cultura\/wp-json\/wp\/v2\/types\/post"}],"author":[{"embeddable":true,"href":"https:\/\/cullarvega.com\/casa-cultura\/wp-json\/wp\/v2\/users\/1"}],"replies":[{"embeddable":true,"href":"https:\/\/cullarvega.com\/casa-cultura\/wp-json\/wp\/v2\/comments?post=3931"}],"version-history":[{"count":2,"href":"https:\/\/cullarvega.com\/casa-cultura\/wp-json\/wp\/v2\/posts\/3931\/revisions"}],"predecessor-version":[{"id":20386,"href":"https:\/\/cullarvega.com\/casa-cultura\/wp-json\/wp\/v2\/posts\/3931\/revisions\/20386"}],"wp:featuredmedia":[{"embeddable":true,"href":"https:\/\/cullarvega.com\/casa-cultura\/wp-json\/wp\/v2\/media\/14151"}],"wp:attachment":[{"href":"https:\/\/cullarvega.com\/casa-cultura\/wp-json\/wp\/v2\/media?parent=3931"}],"wp:term":[{"taxonomy":"category","embeddable":true,"href":"https:\/\/cullarvega.com\/casa-cultura\/wp-json\/wp\/v2\/categories?post=3931"},{"taxonomy":"post_tag","embeddable":true,"href":"https:\/\/cullarvega.com\/casa-cultura\/wp-json\/wp\/v2\/tags?post=3931"}],"curies":[{"name":"wp","href":"https:\/\/api.w.org\/{rel}","templated":true}]}}