{"id":2925,"date":"2017-01-10T10:48:49","date_gmt":"2017-01-10T09:48:49","guid":{"rendered":"http:\/\/www.cullarvega.com\/?p=2925"},"modified":"2023-01-11T06:29:50","modified_gmt":"2023-01-11T06:29:50","slug":"taller-educacion-familiar-nuevas-tecnologias","status":"publish","type":"post","link":"https:\/\/cullarvega.com\/casa-cultura\/taller-educacion-familiar-nuevas-tecnologias\/","title":{"rendered":"Taller de Educaci\u00f3n Familiar y Nuevas Tecnolog\u00edas"},"content":{"rendered":"<div class=\"wp-block-image\">\n<figure class=\"alignleft size-full\"><img fetchpriority=\"high\" decoding=\"async\" width=\"213\" height=\"300\" src=\"https:\/\/cullarvega.com\/casa-cultura\/wp-content\/uploads\/2023\/01\/horarioscurso-213x300-1.jpg\" alt=\"\" class=\"wp-image-20379\"\/><\/figure>\n<\/div>\n\n\n<p>El Servicio Provincial de Drogodependencias y Adicciones de la Diputaci\u00f3n de Granada, junto con el Aula Guadalinfo de C\u00fallar Vega, van a impartir un Taller de cuatro sesiones, los martes y jueves: 17, 19, 24 y 26 de Enero de 2017.<\/p>\n\n\n\n<p>\u201cTALLER A FAMILIAS DE MENORES Y J\u00d3VENES ADOLESCENTES PARA PREVENIR LOS RIESGOS DEL MAL USO DE LAS TECNOLOG\u00cdAS DE LA INFORMACI\u00d3N Y COMUNICACI\u00d3N : m\u00f3viles, internet, redes sociales\u2026. Y DEL CONSUMO DE ALCOHOL Y OTRAS DROGAS \u201d.<\/p>\n\n\n\n<p><a href=\"http:\/\/www.cullarvega.com\/wp-content\/uploads\/2017\/01\/tallerredes.jpg\" target=\"_blank\" rel=\"noopener\">Informaci\u00f3n del taller<\/a><\/p>\n\n\n\n<p><a href=\"http:\/\/www.cullarvega.com\/wp-content\/uploads\/2017\/01\/horarioscurso.jpg\" target=\"_blank\" rel=\"noopener\">Cartel con fechas y horarios<\/a><\/p>\n","protected":false},"excerpt":{"rendered":"<p>El Servicio Provincial de Drogodependencias y Adicciones de la Diputaci\u00f3n de Granada, junto con el Aula Guadalinfo de C\u00fallar Vega, van a impartir un Taller de cuatro sesiones, los martes y jueves: 17, 19, 24 y 26 de Enero de 2017. \u201cTALLER A FAMILIAS DE MENORES Y J\u00d3VENES ADOLESCENTES PARA PREVENIR LOS RIESGOS DEL MAL [&hellip;]<\/p>\n","protected":false},"author":1,"featured_media":20379,"comment_status":"open","ping_status":"open","sticky":false,"template":"","format":"standard","meta":{"footnotes":""},"categories":[43],"tags":[],"class_list":["post-2925","post","type-post","status-publish","format-standard","has-post-thumbnail","hentry","category-punto-vuela"],"_links":{"self":[{"href":"https:\/\/cullarvega.com\/casa-cultura\/wp-json\/wp\/v2\/posts\/2925","targetHints":{"allow":["GET"]}}],"collection":[{"href":"https:\/\/cullarvega.com\/casa-cultura\/wp-json\/wp\/v2\/posts"}],"about":[{"href":"https:\/\/cullarvega.com\/casa-cultura\/wp-json\/wp\/v2\/types\/post"}],"author":[{"embeddable":true,"href":"https:\/\/cullarvega.com\/casa-cultura\/wp-json\/wp\/v2\/users\/1"}],"replies":[{"embeddable":true,"href":"https:\/\/cullarvega.com\/casa-cultura\/wp-json\/wp\/v2\/comments?post=2925"}],"version-history":[{"count":2,"href":"https:\/\/cullarvega.com\/casa-cultura\/wp-json\/wp\/v2\/posts\/2925\/revisions"}],"predecessor-version":[{"id":20380,"href":"https:\/\/cullarvega.com\/casa-cultura\/wp-json\/wp\/v2\/posts\/2925\/revisions\/20380"}],"wp:featuredmedia":[{"embeddable":true,"href":"https:\/\/cullarvega.com\/casa-cultura\/wp-json\/wp\/v2\/media\/20379"}],"wp:attachment":[{"href":"https:\/\/cullarvega.com\/casa-cultura\/wp-json\/wp\/v2\/media?parent=2925"}],"wp:term":[{"taxonomy":"category","embeddable":true,"href":"https:\/\/cullarvega.com\/casa-cultura\/wp-json\/wp\/v2\/categories?post=2925"},{"taxonomy":"post_tag","embeddable":true,"href":"https:\/\/cullarvega.com\/casa-cultura\/wp-json\/wp\/v2\/tags?post=2925"}],"curies":[{"name":"wp","href":"https:\/\/api.w.org\/{rel}","templated":true}]}}