{"id":22228,"date":"2026-03-02T12:45:29","date_gmt":"2026-03-02T10:45:29","guid":{"rendered":"https:\/\/cullarvega.com\/casa-cultura\/?p=22228"},"modified":"2026-03-23T13:12:07","modified_gmt":"2026-03-23T11:12:07","slug":"cullar-vega-reconoce-a-seis-vecinos-destacados-con-la-entrega-de-sus-banderas-de-andalucia","status":"publish","type":"post","link":"https:\/\/cullarvega.com\/casa-cultura\/cullar-vega-reconoce-a-seis-vecinos-destacados-con-la-entrega-de-sus-banderas-de-andalucia\/","title":{"rendered":"C\u00fallar Vega reconoce a seis vecinos destacados con la entrega de sus Banderas de Andaluc\u00eda"},"content":{"rendered":"\n<h2 class=\"wp-block-heading\">El Ayuntamiento reconoce a seis vecinos\/as, entre ellos la chef Cristina Jim\u00e9nez, responsable de la primera Estrella Michelin de Granada<\/h2>\n\n\n\n<p>El Teatro de la Casa de la Cultura de C\u00fallar Vega ha acogido un emotivo acto institucional con motivo del D\u00eda de Andaluc\u00eda. En una ceremonia cargada de simbolismo, el municipio ha hecho entrega de sus tradicionales Banderas a personas cuya trayectoria y esfuerzo han dejado una huella imborrable en la localidad y fuera de sus fronteras.<\/p>\n\n\n\n<p>En esta edici\u00f3n de 2026, los galardones han reca\u00eddo en seis perfiles que abarcan desde el servicio p\u00fablico y el comercio hasta el deporte de \u00e9lite y la alta cocina. El alcalde, <strong>Jorge S\u00e1nchez<\/strong>, ha resaltado durante el acto el valor de los seis homenajeados de este a\u00f1o, que han sido <strong>Cristina Jim\u00e9nez Rueda<\/strong> (referente gastron\u00f3mica nacional que ha hecho historia al conseguir la primera Estrella Michelin para Granada); <strong>Jos\u00e9 Antonio Vargas Rom\u00e1n \u2018Nono<\/strong>\u2019 (reconocido por toda una vida de servicio ejemplar a los vecinos y vecinas de C\u00fallar Vega); <strong>Encarnaci\u00f3n Chica Palacios<\/strong> (por su inestimable contribuci\u00f3n a la cultura local a trav\u00e9s de la pintura);<strong> Eduardo Oliva G\u00f3mez<\/strong> (destacado por su trayectoria deportiva y su reciente t\u00edtulo de Campe\u00f3n Nacional de Parkour)<strong>; Juan Aguilera Ram\u00edrez<\/strong> (ejemplo de superaci\u00f3n personal y esfuerzo en la consecuci\u00f3n de sus metas) y <strong>\u00c1ngel Cort\u00e9s Mart\u00ednez<\/strong> (por su dilatada y cercana trayectoria como comerciante en el municipio).<\/p>\n\n\n\n<p>Durante el acto, el alcalde de C\u00fallar Vega Jorge S\u00e1nchez ha manifestado su orgullo por el capital humano del municipio. \u201c<em>Hoy premiamos trayectorias que son el coraz\u00f3n de C\u00fallar Vega. Desde la maestr\u00eda culinaria de Cristina, que ha puesto el nombre de nuestra tierra en el mapa mundial de la gastronom\u00eda, hasta la dedicaci\u00f3n incansable de &#8216;Nono&#8217; o la constancia de \u00c1ngel en su comercio. Todos ellos, junto al talento de Encarni, Juan y Eduardo, nos demuestran que en este pueblo no hay l\u00edmites cuando hay trabajo y pasi\u00f3n<\/em>\u201d.<\/p>\n\n\n\n<p>El acto, que ha contado con una gran afluencia de p\u00fablico, ha concluido con la tradicional interpretaci\u00f3n del himno auton\u00f3mico a cargo de la <strong>Banda de M\u00fasica \u00abFelipe Moreno\u00bb de C\u00fallar Vega.<\/strong><\/p>\n\n\n\n<div class=\"wp-block-columns is-layout-flex wp-container-core-columns-is-layout-9d6595d7 wp-block-columns-is-layout-flex\">\n<div class=\"wp-block-column is-layout-flow wp-block-column-is-layout-flow\">\n<figure class=\"wp-block-image size-large\"><img fetchpriority=\"high\" decoding=\"async\" width=\"1024\" height=\"799\" src=\"https:\/\/cullarvega.com\/casa-cultura\/wp-content\/uploads\/2026\/03\/dia-andalucia-2026-cullar-vega-2-1-1024x799.jpg\" alt=\"\" class=\"wp-image-22231\" srcset=\"https:\/\/cullarvega.com\/casa-cultura\/wp-content\/uploads\/2026\/03\/dia-andalucia-2026-cullar-vega-2-1-1024x799.jpg 1024w, https:\/\/cullarvega.com\/casa-cultura\/wp-content\/uploads\/2026\/03\/dia-andalucia-2026-cullar-vega-2-1-300x234.jpg 300w, https:\/\/cullarvega.com\/casa-cultura\/wp-content\/uploads\/2026\/03\/dia-andalucia-2026-cullar-vega-2-1-768x599.jpg 768w, https:\/\/cullarvega.com\/casa-cultura\/wp-content\/uploads\/2026\/03\/dia-andalucia-2026-cullar-vega-2-1-1536x1198.jpg 1536w, https:\/\/cullarvega.com\/casa-cultura\/wp-content\/uploads\/2026\/03\/dia-andalucia-2026-cullar-vega-2-1-600x468.jpg 600w, https:\/\/cullarvega.com\/casa-cultura\/wp-content\/uploads\/2026\/03\/dia-andalucia-2026-cullar-vega-2-1-560x437.jpg 560w, https:\/\/cullarvega.com\/casa-cultura\/wp-content\/uploads\/2026\/03\/dia-andalucia-2026-cullar-vega-2-1.jpg 1538w\" sizes=\"(max-width: 1024px) 100vw, 1024px\" \/><\/figure>\n<\/div>\n\n\n\n<div class=\"wp-block-column is-layout-flow wp-block-column-is-layout-flow\">\n<figure class=\"wp-block-image size-large is-resized\"><img decoding=\"async\" width=\"1024\" height=\"692\" src=\"https:\/\/cullarvega.com\/casa-cultura\/wp-content\/uploads\/2026\/03\/dia-andalucia-2026-cullar-vega-3-2-1024x692.jpg\" alt=\"\" class=\"wp-image-22233\" style=\"width:auto;height:213px\" srcset=\"https:\/\/cullarvega.com\/casa-cultura\/wp-content\/uploads\/2026\/03\/dia-andalucia-2026-cullar-vega-3-2-1024x692.jpg 1024w, https:\/\/cullarvega.com\/casa-cultura\/wp-content\/uploads\/2026\/03\/dia-andalucia-2026-cullar-vega-3-2-300x203.jpg 300w, https:\/\/cullarvega.com\/casa-cultura\/wp-content\/uploads\/2026\/03\/dia-andalucia-2026-cullar-vega-3-2-768x519.jpg 768w, https:\/\/cullarvega.com\/casa-cultura\/wp-content\/uploads\/2026\/03\/dia-andalucia-2026-cullar-vega-3-2-1536x1038.jpg 1536w, https:\/\/cullarvega.com\/casa-cultura\/wp-content\/uploads\/2026\/03\/dia-andalucia-2026-cullar-vega-3-2-600x406.jpg 600w, https:\/\/cullarvega.com\/casa-cultura\/wp-content\/uploads\/2026\/03\/dia-andalucia-2026-cullar-vega-3-2-560x379.jpg 560w, https:\/\/cullarvega.com\/casa-cultura\/wp-content\/uploads\/2026\/03\/dia-andalucia-2026-cullar-vega-3-2.jpg 2012w\" sizes=\"(max-width: 1024px) 100vw, 1024px\" \/><\/figure>\n<\/div>\n\n\n\n<div class=\"wp-block-column is-layout-flow wp-block-column-is-layout-flow\">\n<figure class=\"wp-block-image size-large is-resized\"><a href=\"https:\/\/cullarvega.com\/casa-cultura\/wp-content\/uploads\/2026\/03\/dia-andalucia-2026-cullar-vega-1.jpg\"><img decoding=\"async\" width=\"1024\" height=\"657\" src=\"https:\/\/cullarvega.com\/casa-cultura\/wp-content\/uploads\/2026\/03\/dia-andalucia-2026-cullar-vega-1-1024x657.jpg\" alt=\"\" class=\"wp-image-22234\" style=\"width:auto;height:213px\" srcset=\"https:\/\/cullarvega.com\/casa-cultura\/wp-content\/uploads\/2026\/03\/dia-andalucia-2026-cullar-vega-1-1024x657.jpg 1024w, https:\/\/cullarvega.com\/casa-cultura\/wp-content\/uploads\/2026\/03\/dia-andalucia-2026-cullar-vega-1-300x192.jpg 300w, https:\/\/cullarvega.com\/casa-cultura\/wp-content\/uploads\/2026\/03\/dia-andalucia-2026-cullar-vega-1-768x493.jpg 768w, https:\/\/cullarvega.com\/casa-cultura\/wp-content\/uploads\/2026\/03\/dia-andalucia-2026-cullar-vega-1-1536x986.jpg 1536w, https:\/\/cullarvega.com\/casa-cultura\/wp-content\/uploads\/2026\/03\/dia-andalucia-2026-cullar-vega-1-600x385.jpg 600w, https:\/\/cullarvega.com\/casa-cultura\/wp-content\/uploads\/2026\/03\/dia-andalucia-2026-cullar-vega-1-560x359.jpg 560w, https:\/\/cullarvega.com\/casa-cultura\/wp-content\/uploads\/2026\/03\/dia-andalucia-2026-cullar-vega-1.jpg 2048w\" sizes=\"(max-width: 1024px) 100vw, 1024px\" \/><\/a><\/figure>\n<\/div>\n<\/div>\n\n\n\n<p><\/p>\n","protected":false},"excerpt":{"rendered":"<p>El Ayuntamiento reconoce a seis vecinos\/as, entre ellos la chef Cristina Jim\u00e9nez, responsable de la primera Estrella Michelin de Granada El Teatro de la Casa de la Cultura de C\u00fallar Vega ha acogido un emotivo acto institucional con motivo del D\u00eda de Andaluc\u00eda. En una ceremonia cargada de simbolismo, el municipio ha hecho entrega de [&hellip;]<\/p>\n","protected":false},"author":1,"featured_media":22231,"comment_status":"closed","ping_status":"open","sticky":false,"template":"","format":"standard","meta":{"footnotes":""},"categories":[175],"tags":[],"class_list":["post-22228","post","type-post","status-publish","format-standard","has-post-thumbnail","hentry","category-teatro"],"_links":{"self":[{"href":"https:\/\/cullarvega.com\/casa-cultura\/wp-json\/wp\/v2\/posts\/22228","targetHints":{"allow":["GET"]}}],"collection":[{"href":"https:\/\/cullarvega.com\/casa-cultura\/wp-json\/wp\/v2\/posts"}],"about":[{"href":"https:\/\/cullarvega.com\/casa-cultura\/wp-json\/wp\/v2\/types\/post"}],"author":[{"embeddable":true,"href":"https:\/\/cullarvega.com\/casa-cultura\/wp-json\/wp\/v2\/users\/1"}],"replies":[{"embeddable":true,"href":"https:\/\/cullarvega.com\/casa-cultura\/wp-json\/wp\/v2\/comments?post=22228"}],"version-history":[{"count":1,"href":"https:\/\/cullarvega.com\/casa-cultura\/wp-json\/wp\/v2\/posts\/22228\/revisions"}],"predecessor-version":[{"id":22235,"href":"https:\/\/cullarvega.com\/casa-cultura\/wp-json\/wp\/v2\/posts\/22228\/revisions\/22235"}],"wp:featuredmedia":[{"embeddable":true,"href":"https:\/\/cullarvega.com\/casa-cultura\/wp-json\/wp\/v2\/media\/22231"}],"wp:attachment":[{"href":"https:\/\/cullarvega.com\/casa-cultura\/wp-json\/wp\/v2\/media?parent=22228"}],"wp:term":[{"taxonomy":"category","embeddable":true,"href":"https:\/\/cullarvega.com\/casa-cultura\/wp-json\/wp\/v2\/categories?post=22228"},{"taxonomy":"post_tag","embeddable":true,"href":"https:\/\/cullarvega.com\/casa-cultura\/wp-json\/wp\/v2\/tags?post=22228"}],"curies":[{"name":"wp","href":"https:\/\/api.w.org\/{rel}","templated":true}]}}