{"id":22222,"date":"2026-01-29T16:28:55","date_gmt":"2026-01-29T14:28:55","guid":{"rendered":"https:\/\/cullarvega.com\/casa-cultura\/?p=22222"},"modified":"2026-01-29T16:28:57","modified_gmt":"2026-01-29T14:28:57","slug":"cullar-vega-acoge-el-ensayo-abierto-de-medea-la-loca-del-atico-una-rompedora-version-del-clasico-de-euripides","status":"publish","type":"post","link":"https:\/\/cullarvega.com\/casa-cultura\/cullar-vega-acoge-el-ensayo-abierto-de-medea-la-loca-del-atico-una-rompedora-version-del-clasico-de-euripides\/","title":{"rendered":"C\u00fallar Vega acoge el ensayo abierto de &#8216;Medea. La loca del \u00e1tico&#8217;, una rompedora versi\u00f3n del cl\u00e1sico de Eur\u00edpides"},"content":{"rendered":"\n<p>El pr\u00f3ximo 5 de febrero, la Casa de la Cultura se convertir\u00e1 en el escenario de una propuesta esc\u00e9nica valiente y contempor\u00e1nea. Bajo la direcci\u00f3n de Cristina Carrascosa, la obra ofrece una mirada libre y renovada sobre uno de los personajes m\u00e1s complejos de la tragedia griega.<\/p>\n\n\n\n<p>El \u00e1rea de Cultura del Ayuntamiento de C\u00fallar Vega contin\u00faa apostando por traer a nuestro municipio propuestas art\u00edsticas de calidad. En esta ocasi\u00f3n, los vecinos y vecinas tendr\u00e1n la oportunidad de asistir al ensayo abierto de \u00abMedea. La loca del \u00e1tico\u00bb, una versi\u00f3n libre del cl\u00e1sico de Eur\u00edpides que promete no dejar indiferente a nadie.<\/p>\n\n\n\n<p><strong>Una producci\u00f3n con sello profesional<\/strong><\/p>\n\n\n\n<p>La obra cuenta con un elenco encabezado por Mar\u00eda Herrador y Alicia Conde, respaldado por un amplio equipo t\u00e9cnico y art\u00edstico. La producci\u00f3n corre a cargo de Harte Studio S.L. y Curva Polar, garantizando una puesta en escena de alto nivel que explora las profundidades de la psique humana y la vigencia del mito de Medea en la actualidad.<\/p>\n\n\n\n<p>Detalles del evento<\/p>\n\n\n\n<p>&#8211; <strong>Fecha<\/strong>: Mi\u00e9rcoles, 5 de febrero de 2026.<\/p>\n\n\n\n<p>&#8211; <strong>Hora<\/strong>: 20:00 h.<\/p>\n\n\n\n<p>&#8211; <strong>Lugar<\/strong>: Casa de la Cultura de C\u00fallar Vega.<\/p>\n\n\n\n<p>&#8211; Entrada gratuita hasta completar el aforo<\/p>\n\n\n\n<p>&#8211; Agr\u00e9galo a tu calendario: <a href=\"https:\/\/calendar.app.google\/AsdvUj49WrN23SHD6\" target=\"_blank\" rel=\"noreferrer noopener\">https:\/\/calendar.app.google\/AsdvUj49WrN23SHD6<\/a><\/p>\n\n\n\n<p>Desde el Ayuntamiento invitamos a todos los amantes del teatro y a los curiosos de las artes esc\u00e9nicas a disfrutar de esta jornada de puertas abiertas, donde se podr\u00e1 ver de cerca el trabajo de dramaturgia y direcci\u00f3n de este proyecto.<\/p>\n\n\n\n<figure class=\"wp-block-gallery has-nested-images columns-default is-cropped wp-block-gallery-1 is-layout-flex wp-block-gallery-is-layout-flex\">\n<figure class=\"wp-block-image size-large\"><a href=\"https:\/\/cullarvega.com\/casa-cultura\/wp-content\/uploads\/2026\/01\/medea-la-locura-del-atico-cullar-vega.jpeg\"><img fetchpriority=\"high\" decoding=\"async\" width=\"576\" height=\"1024\" data-id=\"22223\" src=\"https:\/\/cullarvega.com\/casa-cultura\/wp-content\/uploads\/2026\/01\/medea-la-locura-del-atico-cullar-vega-576x1024.jpeg\" alt=\"\" class=\"wp-image-22223\" srcset=\"https:\/\/cullarvega.com\/casa-cultura\/wp-content\/uploads\/2026\/01\/medea-la-locura-del-atico-cullar-vega-576x1024.jpeg 576w, https:\/\/cullarvega.com\/casa-cultura\/wp-content\/uploads\/2026\/01\/medea-la-locura-del-atico-cullar-vega-169x300.jpeg 169w, https:\/\/cullarvega.com\/casa-cultura\/wp-content\/uploads\/2026\/01\/medea-la-locura-del-atico-cullar-vega-768x1365.jpeg 768w, https:\/\/cullarvega.com\/casa-cultura\/wp-content\/uploads\/2026\/01\/medea-la-locura-del-atico-cullar-vega-864x1536.jpeg 864w, https:\/\/cullarvega.com\/casa-cultura\/wp-content\/uploads\/2026\/01\/medea-la-locura-del-atico-cullar-vega-338x600.jpeg 338w, https:\/\/cullarvega.com\/casa-cultura\/wp-content\/uploads\/2026\/01\/medea-la-locura-del-atico-cullar-vega-315x560.jpeg 315w, https:\/\/cullarvega.com\/casa-cultura\/wp-content\/uploads\/2026\/01\/medea-la-locura-del-atico-cullar-vega.jpeg 1080w\" sizes=\"(max-width: 576px) 100vw, 576px\" \/><\/a><\/figure>\n<\/figure>\n","protected":false},"excerpt":{"rendered":"<p>El pr\u00f3ximo 5 de febrero, la Casa de la Cultura se convertir\u00e1 en el escenario de una propuesta esc\u00e9nica valiente y contempor\u00e1nea. Bajo la direcci\u00f3n de Cristina Carrascosa, la obra ofrece una mirada libre y renovada sobre uno de los personajes m\u00e1s complejos de la tragedia griega. El \u00e1rea de Cultura del Ayuntamiento de C\u00fallar [&hellip;]<\/p>\n","protected":false},"author":1,"featured_media":22223,"comment_status":"closed","ping_status":"open","sticky":false,"template":"","format":"standard","meta":{"footnotes":""},"categories":[175],"tags":[],"class_list":["post-22222","post","type-post","status-publish","format-standard","has-post-thumbnail","hentry","category-teatro"],"_links":{"self":[{"href":"https:\/\/cullarvega.com\/casa-cultura\/wp-json\/wp\/v2\/posts\/22222","targetHints":{"allow":["GET"]}}],"collection":[{"href":"https:\/\/cullarvega.com\/casa-cultura\/wp-json\/wp\/v2\/posts"}],"about":[{"href":"https:\/\/cullarvega.com\/casa-cultura\/wp-json\/wp\/v2\/types\/post"}],"author":[{"embeddable":true,"href":"https:\/\/cullarvega.com\/casa-cultura\/wp-json\/wp\/v2\/users\/1"}],"replies":[{"embeddable":true,"href":"https:\/\/cullarvega.com\/casa-cultura\/wp-json\/wp\/v2\/comments?post=22222"}],"version-history":[{"count":1,"href":"https:\/\/cullarvega.com\/casa-cultura\/wp-json\/wp\/v2\/posts\/22222\/revisions"}],"predecessor-version":[{"id":22224,"href":"https:\/\/cullarvega.com\/casa-cultura\/wp-json\/wp\/v2\/posts\/22222\/revisions\/22224"}],"wp:featuredmedia":[{"embeddable":true,"href":"https:\/\/cullarvega.com\/casa-cultura\/wp-json\/wp\/v2\/media\/22223"}],"wp:attachment":[{"href":"https:\/\/cullarvega.com\/casa-cultura\/wp-json\/wp\/v2\/media?parent=22222"}],"wp:term":[{"taxonomy":"category","embeddable":true,"href":"https:\/\/cullarvega.com\/casa-cultura\/wp-json\/wp\/v2\/categories?post=22222"},{"taxonomy":"post_tag","embeddable":true,"href":"https:\/\/cullarvega.com\/casa-cultura\/wp-json\/wp\/v2\/tags?post=22222"}],"curies":[{"name":"wp","href":"https:\/\/api.w.org\/{rel}","templated":true}]}}