{"id":22161,"date":"2026-01-16T12:45:34","date_gmt":"2026-01-16T10:45:34","guid":{"rendered":"https:\/\/cullarvega.com\/casa-cultura\/?p=22161"},"modified":"2026-01-16T12:45:37","modified_gmt":"2026-01-16T10:45:37","slug":"manolo-lera-presenta-su-nuevo-espectaculo-pocas-luces-en-el-teatro-municipal-de-cullar-vega","status":"publish","type":"post","link":"https:\/\/cullarvega.com\/casa-cultura\/manolo-lera-presenta-su-nuevo-espectaculo-pocas-luces-en-el-teatro-municipal-de-cullar-vega\/","title":{"rendered":"Manolo Lera presenta su nuevo espect\u00e1culo \u201cPocas Luces\u201d en el Teatro Municipal de C\u00fallar Vega"},"content":{"rendered":"\n<p>El humorista granadino Manolo Lera llega a C\u00fallar Vega el pr\u00f3ximo 21 de marzo de 2026, donde estrenar\u00e1 su nuevo espect\u00e1culo \u201cPocas Luces\u201d, un mon\u00f3logo cargado de iron\u00eda, ocurrencias y situaciones cotidianas que el c\u00f3mico transforma en pura diversi\u00f3n.<\/p>\n\n\n\n<p>La cita ser\u00e1 en el Teatro Municipal de C\u00fallar Vega, a las 19:00 horas.<\/p>\n\n\n\n<p>Las entradas pueden adquirirse a trav\u00e9s de la plataforma Giglon en el siguiente enlace oficial:\u00a0<a href=\"https:\/\/www.giglon.com\/todos?idEvent=manolo-lera---pocas-luces---cullar-vega\" target=\"_blank\" rel=\"noreferrer noopener\">https:\/\/www.giglon.com\/todos?idEvent=manolo-lera\u2014pocas-luces\u2014cullar-vega<\/a>. Entrada anticipada: 8 \u20ac \u2013 Entrada en taquilla (d\u00eda del espect\u00e1culo): 10 \u20ac (Gastos de comisi\u00f3n no incluidos)<\/p>\n\n\n\n<p><a href=\"https:\/\/www.cullarvega.com\/wp-content\/uploads\/2025\/12\/pocas-luces-manolo-lera-cullar-vega.jpeg\"><\/a><\/p>\n\n\n\n<figure class=\"wp-block-image size-large\"><a href=\"https:\/\/cullarvega.com\/casa-cultura\/wp-content\/uploads\/2026\/01\/pocas-luces-manolo-lera-cullar-vega-1086x1536-1.jpeg\"><img fetchpriority=\"high\" decoding=\"async\" width=\"724\" height=\"1024\" src=\"https:\/\/cullarvega.com\/casa-cultura\/wp-content\/uploads\/2026\/01\/pocas-luces-manolo-lera-cullar-vega-1086x1536-1-724x1024.jpeg\" alt=\"\" class=\"wp-image-22162\" srcset=\"https:\/\/cullarvega.com\/casa-cultura\/wp-content\/uploads\/2026\/01\/pocas-luces-manolo-lera-cullar-vega-1086x1536-1-724x1024.jpeg 724w, https:\/\/cullarvega.com\/casa-cultura\/wp-content\/uploads\/2026\/01\/pocas-luces-manolo-lera-cullar-vega-1086x1536-1-212x300.jpeg 212w, https:\/\/cullarvega.com\/casa-cultura\/wp-content\/uploads\/2026\/01\/pocas-luces-manolo-lera-cullar-vega-1086x1536-1-768x1086.jpeg 768w, https:\/\/cullarvega.com\/casa-cultura\/wp-content\/uploads\/2026\/01\/pocas-luces-manolo-lera-cullar-vega-1086x1536-1-424x600.jpeg 424w, https:\/\/cullarvega.com\/casa-cultura\/wp-content\/uploads\/2026\/01\/pocas-luces-manolo-lera-cullar-vega-1086x1536-1-396x560.jpeg 396w, https:\/\/cullarvega.com\/casa-cultura\/wp-content\/uploads\/2026\/01\/pocas-luces-manolo-lera-cullar-vega-1086x1536-1.jpeg 1086w\" sizes=\"(max-width: 724px) 100vw, 724px\" \/><\/a><\/figure>\n","protected":false},"excerpt":{"rendered":"<p>El humorista granadino Manolo Lera llega a C\u00fallar Vega el pr\u00f3ximo 21 de marzo de 2026, donde estrenar\u00e1 su nuevo espect\u00e1culo \u201cPocas Luces\u201d, un mon\u00f3logo cargado de iron\u00eda, ocurrencias y situaciones cotidianas que el c\u00f3mico transforma en pura diversi\u00f3n. La cita ser\u00e1 en el Teatro Municipal de C\u00fallar Vega, a las 19:00 horas. Las entradas [&hellip;]<\/p>\n","protected":false},"author":1,"featured_media":22162,"comment_status":"closed","ping_status":"open","sticky":false,"template":"","format":"standard","meta":{"footnotes":""},"categories":[175],"tags":[],"class_list":["post-22161","post","type-post","status-publish","format-standard","has-post-thumbnail","hentry","category-teatro"],"_links":{"self":[{"href":"https:\/\/cullarvega.com\/casa-cultura\/wp-json\/wp\/v2\/posts\/22161","targetHints":{"allow":["GET"]}}],"collection":[{"href":"https:\/\/cullarvega.com\/casa-cultura\/wp-json\/wp\/v2\/posts"}],"about":[{"href":"https:\/\/cullarvega.com\/casa-cultura\/wp-json\/wp\/v2\/types\/post"}],"author":[{"embeddable":true,"href":"https:\/\/cullarvega.com\/casa-cultura\/wp-json\/wp\/v2\/users\/1"}],"replies":[{"embeddable":true,"href":"https:\/\/cullarvega.com\/casa-cultura\/wp-json\/wp\/v2\/comments?post=22161"}],"version-history":[{"count":1,"href":"https:\/\/cullarvega.com\/casa-cultura\/wp-json\/wp\/v2\/posts\/22161\/revisions"}],"predecessor-version":[{"id":22163,"href":"https:\/\/cullarvega.com\/casa-cultura\/wp-json\/wp\/v2\/posts\/22161\/revisions\/22163"}],"wp:featuredmedia":[{"embeddable":true,"href":"https:\/\/cullarvega.com\/casa-cultura\/wp-json\/wp\/v2\/media\/22162"}],"wp:attachment":[{"href":"https:\/\/cullarvega.com\/casa-cultura\/wp-json\/wp\/v2\/media?parent=22161"}],"wp:term":[{"taxonomy":"category","embeddable":true,"href":"https:\/\/cullarvega.com\/casa-cultura\/wp-json\/wp\/v2\/categories?post=22161"},{"taxonomy":"post_tag","embeddable":true,"href":"https:\/\/cullarvega.com\/casa-cultura\/wp-json\/wp\/v2\/tags?post=22161"}],"curies":[{"name":"wp","href":"https:\/\/api.w.org\/{rel}","templated":true}]}}