{"id":22133,"date":"2025-06-19T07:58:04","date_gmt":"2025-06-19T05:58:04","guid":{"rendered":"https:\/\/cullarvega.com\/casa-cultura\/?p=22133"},"modified":"2025-06-19T07:58:05","modified_gmt":"2025-06-19T05:58:05","slug":"cullar-vega-se-llena-de-arte-con-el-festival-de-baile-azabache-este-22-de-junio","status":"publish","type":"post","link":"https:\/\/cullarvega.com\/casa-cultura\/cullar-vega-se-llena-de-arte-con-el-festival-de-baile-azabache-este-22-de-junio\/","title":{"rendered":"C\u00fallar Vega se llena de arte con el Festival de Baile Azabache este 22 de junio"},"content":{"rendered":"\n<p>El pr\u00f3ximo&nbsp;<strong>domingo 22 de junio de 2025<\/strong>, a las&nbsp;<strong>19:30 horas<\/strong>, el&nbsp;<strong>Teatro Casa de la Cultura de C\u00fallar Vega<\/strong>&nbsp;ser\u00e1 el escenario del&nbsp;<strong>Festival de Baile Azabache<\/strong>, un evento que promete una tarde llena de ritmo, talento y emoci\u00f3n.<\/p>\n\n\n\n<p>Adem\u00e1s de los alumn@s de la&nbsp;<strong>Escuela de Baile Azabache<\/strong>, el festival contar\u00e1 con actuaciones especiales de la&nbsp;<strong>Escuela Municipal Vegas del Genil de Esther Vargas<\/strong>&nbsp;y del artista&nbsp;<strong>DANEM<\/strong>, quienes aportar\u00e1n su estilo y energ\u00eda al espect\u00e1culo.<\/p>\n\n\n\n<p>Las entradas tienen un precio de\u00a0<strong>3 euros<\/strong>\u00a0y pueden adquirirse tanto en la propia Escuela Azabache como el mismo d\u00eda del evento en la Casa de la Cultura.<\/p>\n\n\n\n<p><a href=\"https:\/\/www.cullarvega.com\/wp-content\/uploads\/2025\/06\/festival-de-baile-azabache-cullar-vega-22-junio-2025.jpeg\"><\/a><\/p>\n\n\n\n<figure class=\"wp-block-image size-large\"><a href=\"https:\/\/cullarvega.com\/casa-cultura\/wp-content\/uploads\/2025\/06\/festival-de-baile-azabache-cullar-vega-22-junio-2025-1092x1536-1.jpeg\"><img fetchpriority=\"high\" decoding=\"async\" width=\"728\" height=\"1024\" src=\"https:\/\/cullarvega.com\/casa-cultura\/wp-content\/uploads\/2025\/06\/festival-de-baile-azabache-cullar-vega-22-junio-2025-1092x1536-1-728x1024.jpeg\" alt=\"\" class=\"wp-image-22134\" srcset=\"https:\/\/cullarvega.com\/casa-cultura\/wp-content\/uploads\/2025\/06\/festival-de-baile-azabache-cullar-vega-22-junio-2025-1092x1536-1-728x1024.jpeg 728w, https:\/\/cullarvega.com\/casa-cultura\/wp-content\/uploads\/2025\/06\/festival-de-baile-azabache-cullar-vega-22-junio-2025-1092x1536-1-213x300.jpeg 213w, https:\/\/cullarvega.com\/casa-cultura\/wp-content\/uploads\/2025\/06\/festival-de-baile-azabache-cullar-vega-22-junio-2025-1092x1536-1-768x1080.jpeg 768w, https:\/\/cullarvega.com\/casa-cultura\/wp-content\/uploads\/2025\/06\/festival-de-baile-azabache-cullar-vega-22-junio-2025-1092x1536-1-427x600.jpeg 427w, https:\/\/cullarvega.com\/casa-cultura\/wp-content\/uploads\/2025\/06\/festival-de-baile-azabache-cullar-vega-22-junio-2025-1092x1536-1-398x560.jpeg 398w, https:\/\/cullarvega.com\/casa-cultura\/wp-content\/uploads\/2025\/06\/festival-de-baile-azabache-cullar-vega-22-junio-2025-1092x1536-1.jpeg 1092w\" sizes=\"(max-width: 728px) 100vw, 728px\" \/><\/a><\/figure>\n","protected":false},"excerpt":{"rendered":"<p>El pr\u00f3ximo&nbsp;domingo 22 de junio de 2025, a las&nbsp;19:30 horas, el&nbsp;Teatro Casa de la Cultura de C\u00fallar Vega&nbsp;ser\u00e1 el escenario del&nbsp;Festival de Baile Azabache, un evento que promete una tarde llena de ritmo, talento y emoci\u00f3n. Adem\u00e1s de los alumn@s de la&nbsp;Escuela de Baile Azabache, el festival contar\u00e1 con actuaciones especiales de la&nbsp;Escuela Municipal Vegas [&hellip;]<\/p>\n","protected":false},"author":1,"featured_media":22134,"comment_status":"closed","ping_status":"open","sticky":false,"template":"","format":"standard","meta":{"footnotes":""},"categories":[175],"tags":[],"class_list":["post-22133","post","type-post","status-publish","format-standard","has-post-thumbnail","hentry","category-teatro"],"_links":{"self":[{"href":"https:\/\/cullarvega.com\/casa-cultura\/wp-json\/wp\/v2\/posts\/22133","targetHints":{"allow":["GET"]}}],"collection":[{"href":"https:\/\/cullarvega.com\/casa-cultura\/wp-json\/wp\/v2\/posts"}],"about":[{"href":"https:\/\/cullarvega.com\/casa-cultura\/wp-json\/wp\/v2\/types\/post"}],"author":[{"embeddable":true,"href":"https:\/\/cullarvega.com\/casa-cultura\/wp-json\/wp\/v2\/users\/1"}],"replies":[{"embeddable":true,"href":"https:\/\/cullarvega.com\/casa-cultura\/wp-json\/wp\/v2\/comments?post=22133"}],"version-history":[{"count":1,"href":"https:\/\/cullarvega.com\/casa-cultura\/wp-json\/wp\/v2\/posts\/22133\/revisions"}],"predecessor-version":[{"id":22135,"href":"https:\/\/cullarvega.com\/casa-cultura\/wp-json\/wp\/v2\/posts\/22133\/revisions\/22135"}],"wp:featuredmedia":[{"embeddable":true,"href":"https:\/\/cullarvega.com\/casa-cultura\/wp-json\/wp\/v2\/media\/22134"}],"wp:attachment":[{"href":"https:\/\/cullarvega.com\/casa-cultura\/wp-json\/wp\/v2\/media?parent=22133"}],"wp:term":[{"taxonomy":"category","embeddable":true,"href":"https:\/\/cullarvega.com\/casa-cultura\/wp-json\/wp\/v2\/categories?post=22133"},{"taxonomy":"post_tag","embeddable":true,"href":"https:\/\/cullarvega.com\/casa-cultura\/wp-json\/wp\/v2\/tags?post=22133"}],"curies":[{"name":"wp","href":"https:\/\/api.w.org\/{rel}","templated":true}]}}