{"id":22127,"date":"2025-06-19T07:56:26","date_gmt":"2025-06-19T05:56:26","guid":{"rendered":"https:\/\/cullarvega.com\/casa-cultura\/?p=22127"},"modified":"2025-06-19T07:56:27","modified_gmt":"2025-06-19T05:56:27","slug":"reunion-summer-camp-2025","status":"publish","type":"post","link":"https:\/\/cullarvega.com\/casa-cultura\/reunion-summer-camp-2025\/","title":{"rendered":"Reuni\u00f3n Summer Camp 2025"},"content":{"rendered":"\n<p>El Ayuntamiento de C\u00fallar Vega informa que el pr\u00f3ximo&nbsp;<strong>viernes 20 de junio de 2025<\/strong>&nbsp;se publicar\u00e1n las&nbsp;<strong>listas de admitidos<\/strong>&nbsp;del&nbsp;<strong>Summer Camp 2025<\/strong>. Las personas interesadas podr\u00e1n consultar esta informaci\u00f3n directamente en el&nbsp;<strong>Ayuntamiento<\/strong>.<\/p>\n\n\n\n<p>Adem\u00e1s, se convoca a todas las familias admitidas a una&nbsp;<strong>reuni\u00f3n informativa obligatoria<\/strong>&nbsp;que tendr\u00e1 lugar el&nbsp;<strong>lunes 23 de junio a las 18:00 h<\/strong>&nbsp;en la&nbsp;<strong>Casa de la Cultura de C\u00fallar Vega<\/strong>.<\/p>\n\n\n\n<p>Esta reuni\u00f3n es de&nbsp;<strong>asistencia imprescindible<\/strong>&nbsp;para conocer todos los detalles sobre el funcionamiento, horarios, actividades y normas del campamento.<\/p>\n\n\n\n<figure class=\"wp-block-image size-large\"><a href=\"https:\/\/cullarvega.com\/casa-cultura\/wp-content\/uploads\/2025\/06\/summer-camp-2025-lista-admitidos-reunion.jpeg\"><img fetchpriority=\"high\" decoding=\"async\" width=\"819\" height=\"1024\" src=\"https:\/\/cullarvega.com\/casa-cultura\/wp-content\/uploads\/2025\/06\/summer-camp-2025-lista-admitidos-reunion-819x1024.jpeg\" alt=\"\" class=\"wp-image-22128\" srcset=\"https:\/\/cullarvega.com\/casa-cultura\/wp-content\/uploads\/2025\/06\/summer-camp-2025-lista-admitidos-reunion-819x1024.jpeg 819w, https:\/\/cullarvega.com\/casa-cultura\/wp-content\/uploads\/2025\/06\/summer-camp-2025-lista-admitidos-reunion-240x300.jpeg 240w, https:\/\/cullarvega.com\/casa-cultura\/wp-content\/uploads\/2025\/06\/summer-camp-2025-lista-admitidos-reunion-768x960.jpeg 768w, https:\/\/cullarvega.com\/casa-cultura\/wp-content\/uploads\/2025\/06\/summer-camp-2025-lista-admitidos-reunion-480x600.jpeg 480w, https:\/\/cullarvega.com\/casa-cultura\/wp-content\/uploads\/2025\/06\/summer-camp-2025-lista-admitidos-reunion-448x560.jpeg 448w, https:\/\/cullarvega.com\/casa-cultura\/wp-content\/uploads\/2025\/06\/summer-camp-2025-lista-admitidos-reunion.jpeg 1080w\" sizes=\"(max-width: 819px) 100vw, 819px\" \/><\/a><\/figure>\n\n\n\n<p><a href=\"https:\/\/www.cullarvega.com\/wp-content\/uploads\/2025\/06\/summer-camp-2025-lista-admitidos-reunion.jpeg\"><\/a><\/p>\n","protected":false},"excerpt":{"rendered":"<p>El Ayuntamiento de C\u00fallar Vega informa que el pr\u00f3ximo&nbsp;viernes 20 de junio de 2025&nbsp;se publicar\u00e1n las&nbsp;listas de admitidos&nbsp;del&nbsp;Summer Camp 2025. Las personas interesadas podr\u00e1n consultar esta informaci\u00f3n directamente en el&nbsp;Ayuntamiento. Adem\u00e1s, se convoca a todas las familias admitidas a una&nbsp;reuni\u00f3n informativa obligatoria&nbsp;que tendr\u00e1 lugar el&nbsp;lunes 23 de junio a las 18:00 h&nbsp;en la&nbsp;Casa de la [&hellip;]<\/p>\n","protected":false},"author":1,"featured_media":22128,"comment_status":"closed","ping_status":"open","sticky":false,"template":"","format":"standard","meta":{"footnotes":""},"categories":[176],"tags":[],"class_list":["post-22127","post","type-post","status-publish","format-standard","has-post-thumbnail","hentry","category-formacion"],"_links":{"self":[{"href":"https:\/\/cullarvega.com\/casa-cultura\/wp-json\/wp\/v2\/posts\/22127","targetHints":{"allow":["GET"]}}],"collection":[{"href":"https:\/\/cullarvega.com\/casa-cultura\/wp-json\/wp\/v2\/posts"}],"about":[{"href":"https:\/\/cullarvega.com\/casa-cultura\/wp-json\/wp\/v2\/types\/post"}],"author":[{"embeddable":true,"href":"https:\/\/cullarvega.com\/casa-cultura\/wp-json\/wp\/v2\/users\/1"}],"replies":[{"embeddable":true,"href":"https:\/\/cullarvega.com\/casa-cultura\/wp-json\/wp\/v2\/comments?post=22127"}],"version-history":[{"count":1,"href":"https:\/\/cullarvega.com\/casa-cultura\/wp-json\/wp\/v2\/posts\/22127\/revisions"}],"predecessor-version":[{"id":22129,"href":"https:\/\/cullarvega.com\/casa-cultura\/wp-json\/wp\/v2\/posts\/22127\/revisions\/22129"}],"wp:featuredmedia":[{"embeddable":true,"href":"https:\/\/cullarvega.com\/casa-cultura\/wp-json\/wp\/v2\/media\/22128"}],"wp:attachment":[{"href":"https:\/\/cullarvega.com\/casa-cultura\/wp-json\/wp\/v2\/media?parent=22127"}],"wp:term":[{"taxonomy":"category","embeddable":true,"href":"https:\/\/cullarvega.com\/casa-cultura\/wp-json\/wp\/v2\/categories?post=22127"},{"taxonomy":"post_tag","embeddable":true,"href":"https:\/\/cullarvega.com\/casa-cultura\/wp-json\/wp\/v2\/tags?post=22127"}],"curies":[{"name":"wp","href":"https:\/\/api.w.org\/{rel}","templated":true}]}}