{"id":22122,"date":"2025-06-18T13:05:06","date_gmt":"2025-06-18T11:05:06","guid":{"rendered":"https:\/\/cullarvega.com\/casa-cultura\/?p=22122"},"modified":"2025-06-18T13:05:07","modified_gmt":"2025-06-18T11:05:07","slug":"el-humor-toma-el-escenario-de-cullar-vega-con-lo-de-los-monologos-el-17-de-octubre","status":"publish","type":"post","link":"https:\/\/cullarvega.com\/casa-cultura\/el-humor-toma-el-escenario-de-cullar-vega-con-lo-de-los-monologos-el-17-de-octubre\/","title":{"rendered":"El humor toma el escenario de C\u00fallar Vega con \u201cLo de los mon\u00f3logos\u201d el 17 de octubre"},"content":{"rendered":"\n<p><a href=\"https:\/\/www.cullarvega.com\/wp-content\/uploads\/2025\/06\/lo-de-los-monologos-cullar-vega.jpeg\"><\/a>El Teatro Municipal de C\u00fallar Vega se convertir\u00e1 en el epicentro de las risas el pr\u00f3ximo\u00a0<em>viernes 17 de octubre a las 21:00 h<\/em>, con la celebraci\u00f3n del espect\u00e1culo\u00a0<em>\u201cLo de los mon\u00f3logos\u201d<\/em>. Tres c\u00f3micos de estilos muy distintos \u2014<strong>Rafa Fr\u00edas<\/strong>,\u00a0<strong>Christian Garc\u00eda<\/strong>\u00a0y\u00a0<strong>Eva y Qu\u00e9<\/strong>\u2014 se dar\u00e1n cita sobre las tablas para ofrecer una noche cargada de humor y buen ambiente.<\/p>\n\n\n\n<p>La actividad, organizada por el Ayuntamiento de C\u00fallar Vega, tendr\u00e1 lugar en el&nbsp;<em>Recinto del Teatro Municipal<\/em>, ubicado en el Paseo Jer\u00f3nimo de Rueda, s\/n. La entrada es&nbsp;<em>gratuita<\/em>&nbsp;hasta completar aforo, por lo que se recomienda acudir con antelaci\u00f3n para no perderse esta propuesta de ocio pensada para todos los p\u00fablicos.<\/p>\n\n\n\n<p>Ya puedes adquirir tu entrada (15 \u20ac anticipada) en&nbsp;<a href=\"https:\/\/www.giglon.com\/todos?idEvent=lo-de-los-monologos---cullar-vega\" target=\"_blank\" rel=\"noreferrer noopener\">https:\/\/www.giglon.com\/todos?idEvent=lo-de-los-monologos\u2014cullar-vega<\/a><\/p>\n\n\n\n<figure class=\"wp-block-image size-large\"><a href=\"https:\/\/cullarvega.com\/casa-cultura\/wp-content\/uploads\/2025\/06\/lo-de-los-monologos-cullar-vega.jpeg\"><img fetchpriority=\"high\" decoding=\"async\" width=\"724\" height=\"1024\" src=\"https:\/\/cullarvega.com\/casa-cultura\/wp-content\/uploads\/2025\/06\/lo-de-los-monologos-cullar-vega-724x1024.jpeg\" alt=\"\" class=\"wp-image-22123\" srcset=\"https:\/\/cullarvega.com\/casa-cultura\/wp-content\/uploads\/2025\/06\/lo-de-los-monologos-cullar-vega-724x1024.jpeg 724w, https:\/\/cullarvega.com\/casa-cultura\/wp-content\/uploads\/2025\/06\/lo-de-los-monologos-cullar-vega-212x300.jpeg 212w, https:\/\/cullarvega.com\/casa-cultura\/wp-content\/uploads\/2025\/06\/lo-de-los-monologos-cullar-vega-768x1086.jpeg 768w, https:\/\/cullarvega.com\/casa-cultura\/wp-content\/uploads\/2025\/06\/lo-de-los-monologos-cullar-vega-1086x1536.jpeg 1086w, https:\/\/cullarvega.com\/casa-cultura\/wp-content\/uploads\/2025\/06\/lo-de-los-monologos-cullar-vega-424x600.jpeg 424w, https:\/\/cullarvega.com\/casa-cultura\/wp-content\/uploads\/2025\/06\/lo-de-los-monologos-cullar-vega-396x560.jpeg 396w, https:\/\/cullarvega.com\/casa-cultura\/wp-content\/uploads\/2025\/06\/lo-de-los-monologos-cullar-vega.jpeg 1131w\" sizes=\"(max-width: 724px) 100vw, 724px\" \/><\/a><\/figure>\n","protected":false},"excerpt":{"rendered":"<p>El Teatro Municipal de C\u00fallar Vega se convertir\u00e1 en el epicentro de las risas el pr\u00f3ximo\u00a0viernes 17 de octubre a las 21:00 h, con la celebraci\u00f3n del espect\u00e1culo\u00a0\u201cLo de los mon\u00f3logos\u201d. Tres c\u00f3micos de estilos muy distintos \u2014Rafa Fr\u00edas,\u00a0Christian Garc\u00eda\u00a0y\u00a0Eva y Qu\u00e9\u2014 se dar\u00e1n cita sobre las tablas para ofrecer una noche cargada de humor [&hellip;]<\/p>\n","protected":false},"author":1,"featured_media":22123,"comment_status":"closed","ping_status":"open","sticky":false,"template":"","format":"standard","meta":{"footnotes":""},"categories":[175],"tags":[],"class_list":["post-22122","post","type-post","status-publish","format-standard","has-post-thumbnail","hentry","category-teatro"],"_links":{"self":[{"href":"https:\/\/cullarvega.com\/casa-cultura\/wp-json\/wp\/v2\/posts\/22122","targetHints":{"allow":["GET"]}}],"collection":[{"href":"https:\/\/cullarvega.com\/casa-cultura\/wp-json\/wp\/v2\/posts"}],"about":[{"href":"https:\/\/cullarvega.com\/casa-cultura\/wp-json\/wp\/v2\/types\/post"}],"author":[{"embeddable":true,"href":"https:\/\/cullarvega.com\/casa-cultura\/wp-json\/wp\/v2\/users\/1"}],"replies":[{"embeddable":true,"href":"https:\/\/cullarvega.com\/casa-cultura\/wp-json\/wp\/v2\/comments?post=22122"}],"version-history":[{"count":1,"href":"https:\/\/cullarvega.com\/casa-cultura\/wp-json\/wp\/v2\/posts\/22122\/revisions"}],"predecessor-version":[{"id":22124,"href":"https:\/\/cullarvega.com\/casa-cultura\/wp-json\/wp\/v2\/posts\/22122\/revisions\/22124"}],"wp:featuredmedia":[{"embeddable":true,"href":"https:\/\/cullarvega.com\/casa-cultura\/wp-json\/wp\/v2\/media\/22123"}],"wp:attachment":[{"href":"https:\/\/cullarvega.com\/casa-cultura\/wp-json\/wp\/v2\/media?parent=22122"}],"wp:term":[{"taxonomy":"category","embeddable":true,"href":"https:\/\/cullarvega.com\/casa-cultura\/wp-json\/wp\/v2\/categories?post=22122"},{"taxonomy":"post_tag","embeddable":true,"href":"https:\/\/cullarvega.com\/casa-cultura\/wp-json\/wp\/v2\/tags?post=22122"}],"curies":[{"name":"wp","href":"https:\/\/api.w.org\/{rel}","templated":true}]}}