{"id":22113,"date":"2025-06-17T13:27:57","date_gmt":"2025-06-17T11:27:57","guid":{"rendered":"https:\/\/cullarvega.com\/casa-cultura\/?p=22113"},"modified":"2025-06-17T13:27:59","modified_gmt":"2025-06-17T11:27:59","slug":"rent-nuevos-espectaculo-de-oniria-para-el-proximo-fin-de-semana","status":"publish","type":"post","link":"https:\/\/cullarvega.com\/casa-cultura\/rent-nuevos-espectaculo-de-oniria-para-el-proximo-fin-de-semana\/","title":{"rendered":"\u00abRENT\u00bb nuevos espect\u00e1culo de Oniria para el pr\u00f3ximo fin de semana"},"content":{"rendered":"\n<p>El pr\u00f3ximo fin de semana, <em>viernes 20 y s\u00e1bado 21 de junio a las 19:00 h<\/em>, el escenario de <em>Oniria<\/em> se llena de emoci\u00f3n, ritmo y rebeld\u00eda con el estreno de <strong>\u00abRENT\u00bb<\/strong>, el nuevo espect\u00e1culo de la compa\u00f1\u00eda. Una historia vibrante sobre amor, lucha y esperanza que ha conquistado escenarios en todo el mundo, y que ahora llega con fuerza renovada.<\/p>\n\n\n\n<p>Las <em>entradas tienen un precio de 7 euros<\/em> y se podr\u00e1n adquirir:<\/p>\n\n\n\n<ul class=\"wp-block-list\">\n<li>&#8211; <strong>Martes, mi\u00e9rcoles y jueves<\/strong>, de <strong>16:30 a 20:30 h<\/strong> en la sede de <em>Oniria<\/em>.<\/li>\n\n\n\n<li>&#8211; <strong>Viernes 20 y s\u00e1bado 21<\/strong>, tambi\u00e9n en <em>taquilla<\/em>, desde <em>30 minutos antes del inicio<\/em> de cada funci\u00f3n.<\/li>\n<\/ul>\n\n\n\n<p>Una oportunidad \u00fanica para vivir el teatro en estado puro. \u00a1No te lo pierdas!<\/p>\n\n\n\n<figure class=\"wp-block-image size-large\"><a href=\"https:\/\/cullarvega.com\/casa-cultura\/wp-content\/uploads\/2025\/06\/rent-oniria-cullar-vega.jpeg\"><img fetchpriority=\"high\" decoding=\"async\" width=\"1024\" height=\"724\" src=\"https:\/\/cullarvega.com\/casa-cultura\/wp-content\/uploads\/2025\/06\/rent-oniria-cullar-vega-1024x724.jpeg\" alt=\"\" class=\"wp-image-22114\" srcset=\"https:\/\/cullarvega.com\/casa-cultura\/wp-content\/uploads\/2025\/06\/rent-oniria-cullar-vega-1024x724.jpeg 1024w, https:\/\/cullarvega.com\/casa-cultura\/wp-content\/uploads\/2025\/06\/rent-oniria-cullar-vega-300x212.jpeg 300w, https:\/\/cullarvega.com\/casa-cultura\/wp-content\/uploads\/2025\/06\/rent-oniria-cullar-vega-768x543.jpeg 768w, https:\/\/cullarvega.com\/casa-cultura\/wp-content\/uploads\/2025\/06\/rent-oniria-cullar-vega-1536x1087.jpeg 1536w, https:\/\/cullarvega.com\/casa-cultura\/wp-content\/uploads\/2025\/06\/rent-oniria-cullar-vega-600x425.jpeg 600w, https:\/\/cullarvega.com\/casa-cultura\/wp-content\/uploads\/2025\/06\/rent-oniria-cullar-vega-560x396.jpeg 560w, https:\/\/cullarvega.com\/casa-cultura\/wp-content\/uploads\/2025\/06\/rent-oniria-cullar-vega.jpeg 1600w\" sizes=\"(max-width: 1024px) 100vw, 1024px\" \/><\/a><\/figure>\n","protected":false},"excerpt":{"rendered":"<p>El pr\u00f3ximo fin de semana, viernes 20 y s\u00e1bado 21 de junio a las 19:00 h, el escenario de Oniria se llena de emoci\u00f3n, ritmo y rebeld\u00eda con el estreno de \u00abRENT\u00bb, el nuevo espect\u00e1culo de la compa\u00f1\u00eda. Una historia vibrante sobre amor, lucha y esperanza que ha conquistado escenarios en todo el mundo, y [&hellip;]<\/p>\n","protected":false},"author":1,"featured_media":22114,"comment_status":"closed","ping_status":"open","sticky":false,"template":"","format":"standard","meta":{"footnotes":""},"categories":[175],"tags":[],"class_list":["post-22113","post","type-post","status-publish","format-standard","has-post-thumbnail","hentry","category-teatro"],"_links":{"self":[{"href":"https:\/\/cullarvega.com\/casa-cultura\/wp-json\/wp\/v2\/posts\/22113","targetHints":{"allow":["GET"]}}],"collection":[{"href":"https:\/\/cullarvega.com\/casa-cultura\/wp-json\/wp\/v2\/posts"}],"about":[{"href":"https:\/\/cullarvega.com\/casa-cultura\/wp-json\/wp\/v2\/types\/post"}],"author":[{"embeddable":true,"href":"https:\/\/cullarvega.com\/casa-cultura\/wp-json\/wp\/v2\/users\/1"}],"replies":[{"embeddable":true,"href":"https:\/\/cullarvega.com\/casa-cultura\/wp-json\/wp\/v2\/comments?post=22113"}],"version-history":[{"count":1,"href":"https:\/\/cullarvega.com\/casa-cultura\/wp-json\/wp\/v2\/posts\/22113\/revisions"}],"predecessor-version":[{"id":22115,"href":"https:\/\/cullarvega.com\/casa-cultura\/wp-json\/wp\/v2\/posts\/22113\/revisions\/22115"}],"wp:featuredmedia":[{"embeddable":true,"href":"https:\/\/cullarvega.com\/casa-cultura\/wp-json\/wp\/v2\/media\/22114"}],"wp:attachment":[{"href":"https:\/\/cullarvega.com\/casa-cultura\/wp-json\/wp\/v2\/media?parent=22113"}],"wp:term":[{"taxonomy":"category","embeddable":true,"href":"https:\/\/cullarvega.com\/casa-cultura\/wp-json\/wp\/v2\/categories?post=22113"},{"taxonomy":"post_tag","embeddable":true,"href":"https:\/\/cullarvega.com\/casa-cultura\/wp-json\/wp\/v2\/tags?post=22113"}],"curies":[{"name":"wp","href":"https:\/\/api.w.org\/{rel}","templated":true}]}}