{"id":22103,"date":"2025-06-16T16:10:44","date_gmt":"2025-06-16T14:10:44","guid":{"rendered":"https:\/\/cullarvega.com\/casa-cultura\/?p=22103"},"modified":"2025-06-16T18:24:45","modified_gmt":"2025-06-16T16:24:45","slug":"curso-de-manipulacion-de-alimentos-para-jovenes-en-cullar-vega","status":"publish","type":"post","link":"https:\/\/cullarvega.com\/casa-cultura\/curso-de-manipulacion-de-alimentos-para-jovenes-en-cullar-vega\/","title":{"rendered":"Curso de Manipulaci\u00f3n de Alimentos para j\u00f3venes en C\u00fallar Vega"},"content":{"rendered":"\n<p>CURSO DE MANIPULACI\u00d3N DE ALIMENTOS dirigido a j\u00f3venes de C\u00fallar Vega entre 16 y 35 a\u00f1os.<\/p>\n\n\n\n<p>Fecha: jueves, 26 de junio de 2025.<\/p>\n\n\n\n<p>Lugar: Casa de la Cultura.<\/p>\n\n\n\n<p>Se realizar\u00e1n dos cursos, uno en horario de ma\u00f1ana (de 9.30 a 13.30 h.) y otro de tarde (de 16.30 a 20.30 h.).<\/p>\n\n\n\n<p>Necesario inscribirse en el Ayuntamiento de lunes a viernes de 9 a 13.30 h. hasta el martes, 24 de junio (plazas limitadas).<\/p>\n\n\n\n<p>Precio: 5,00 \u20ac y si tienes el carn\u00e9 joven 3,00 \u20ac.<\/p>\n\n\n\n<p>Estos cursos est\u00e1n cofinanciados por la Federaci\u00f3n Espa\u00f1ola de Municipios y Provincias \u2013 INJUVE (Gobierno de Espa\u00f1a) y por la Diputaci\u00f3n de Granada.<\/p>\n\n\n\n<figure class=\"wp-block-image size-large\"><a href=\"https:\/\/cullarvega.com\/casa-cultura\/wp-content\/uploads\/2025\/06\/curso-manipulador-alimentos.jpeg\"><img fetchpriority=\"high\" decoding=\"async\" width=\"1024\" height=\"1024\" src=\"https:\/\/cullarvega.com\/casa-cultura\/wp-content\/uploads\/2025\/06\/curso-manipulador-alimentos-1024x1024.jpeg\" alt=\"\" class=\"wp-image-22104\" srcset=\"https:\/\/cullarvega.com\/casa-cultura\/wp-content\/uploads\/2025\/06\/curso-manipulador-alimentos-1024x1024.jpeg 1024w, https:\/\/cullarvega.com\/casa-cultura\/wp-content\/uploads\/2025\/06\/curso-manipulador-alimentos-300x300.jpeg 300w, https:\/\/cullarvega.com\/casa-cultura\/wp-content\/uploads\/2025\/06\/curso-manipulador-alimentos-150x150.jpeg 150w, https:\/\/cullarvega.com\/casa-cultura\/wp-content\/uploads\/2025\/06\/curso-manipulador-alimentos-768x768.jpeg 768w, https:\/\/cullarvega.com\/casa-cultura\/wp-content\/uploads\/2025\/06\/curso-manipulador-alimentos-600x600.jpeg 600w, https:\/\/cullarvega.com\/casa-cultura\/wp-content\/uploads\/2025\/06\/curso-manipulador-alimentos-560x560.jpeg 560w, https:\/\/cullarvega.com\/casa-cultura\/wp-content\/uploads\/2025\/06\/curso-manipulador-alimentos.jpeg 1080w\" sizes=\"(max-width: 1024px) 100vw, 1024px\" \/><\/a><\/figure>\n","protected":false},"excerpt":{"rendered":"<p>CURSO DE MANIPULACI\u00d3N DE ALIMENTOS dirigido a j\u00f3venes de C\u00fallar Vega entre 16 y 35 a\u00f1os. Fecha: jueves, 26 de junio de 2025. Lugar: Casa de la Cultura. Se realizar\u00e1n dos cursos, uno en horario de ma\u00f1ana (de 9.30 a 13.30 h.) y otro de tarde (de 16.30 a 20.30 h.). Necesario inscribirse en el [&hellip;]<\/p>\n","protected":false},"author":1,"featured_media":22104,"comment_status":"closed","ping_status":"open","sticky":false,"template":"","format":"standard","meta":{"footnotes":""},"categories":[176],"tags":[],"class_list":["post-22103","post","type-post","status-publish","format-standard","has-post-thumbnail","hentry","category-formacion"],"_links":{"self":[{"href":"https:\/\/cullarvega.com\/casa-cultura\/wp-json\/wp\/v2\/posts\/22103","targetHints":{"allow":["GET"]}}],"collection":[{"href":"https:\/\/cullarvega.com\/casa-cultura\/wp-json\/wp\/v2\/posts"}],"about":[{"href":"https:\/\/cullarvega.com\/casa-cultura\/wp-json\/wp\/v2\/types\/post"}],"author":[{"embeddable":true,"href":"https:\/\/cullarvega.com\/casa-cultura\/wp-json\/wp\/v2\/users\/1"}],"replies":[{"embeddable":true,"href":"https:\/\/cullarvega.com\/casa-cultura\/wp-json\/wp\/v2\/comments?post=22103"}],"version-history":[{"count":2,"href":"https:\/\/cullarvega.com\/casa-cultura\/wp-json\/wp\/v2\/posts\/22103\/revisions"}],"predecessor-version":[{"id":22108,"href":"https:\/\/cullarvega.com\/casa-cultura\/wp-json\/wp\/v2\/posts\/22103\/revisions\/22108"}],"wp:featuredmedia":[{"embeddable":true,"href":"https:\/\/cullarvega.com\/casa-cultura\/wp-json\/wp\/v2\/media\/22104"}],"wp:attachment":[{"href":"https:\/\/cullarvega.com\/casa-cultura\/wp-json\/wp\/v2\/media?parent=22103"}],"wp:term":[{"taxonomy":"category","embeddable":true,"href":"https:\/\/cullarvega.com\/casa-cultura\/wp-json\/wp\/v2\/categories?post=22103"},{"taxonomy":"post_tag","embeddable":true,"href":"https:\/\/cullarvega.com\/casa-cultura\/wp-json\/wp\/v2\/tags?post=22103"}],"curies":[{"name":"wp","href":"https:\/\/api.w.org\/{rel}","templated":true}]}}