{"id":22090,"date":"2025-06-09T14:01:56","date_gmt":"2025-06-09T12:01:56","guid":{"rendered":"https:\/\/cullarvega.com\/casa-cultura\/?p=22090"},"modified":"2025-06-09T14:01:57","modified_gmt":"2025-06-09T12:01:57","slug":"el-ballet-de-cullar-vega-estrena-su-nuevo-espectaculo-las-mil-y-una-noches-el-sabado-14-de-junio","status":"publish","type":"post","link":"https:\/\/cullarvega.com\/casa-cultura\/el-ballet-de-cullar-vega-estrena-su-nuevo-espectaculo-las-mil-y-una-noches-el-sabado-14-de-junio\/","title":{"rendered":"El ballet de C\u00fallar Vega estrena su nuevo espect\u00e1culo \u00abLas Mil y Una Noches\u00bb el s\u00e1bado 14 de junio"},"content":{"rendered":"\n<p>El Ballet de C\u00fallar Vega, de la&nbsp;<strong>Asociaci\u00f3n Cultural Amaros<\/strong>, estrena el pr\u00f3ximo s\u00e1bado 14 de junio, su nuevo espect\u00e1culo&nbsp;<strong>LAS MIL Y UNA NOCHES<\/strong>, donde participar\u00e1 todo el alumnado del taller de baile dirigido por Zoraida Pino.<\/p>\n\n\n\n<p>La funci\u00f3n contar\u00e1 con 2 pases, a las 18 h el primero de ellos y a las 19:\u00b70 h el segundo. Ya est\u00e1n disponibles las entradas a 2 euros en la Casa de la Cultura.<\/p>\n\n\n\n<figure class=\"wp-block-gallery has-nested-images columns-default is-cropped wp-block-gallery-1 is-layout-flex wp-block-gallery-is-layout-flex\">\n<figure class=\"wp-block-image size-large\"><a href=\"https:\/\/cullarvega.com\/casa-cultura\/wp-content\/uploads\/2025\/06\/las-mil-y-una-noches-ballet-cullar-vega-1.jpeg\"><img fetchpriority=\"high\" decoding=\"async\" width=\"1024\" height=\"724\" data-id=\"22091\" src=\"https:\/\/cullarvega.com\/casa-cultura\/wp-content\/uploads\/2025\/06\/las-mil-y-una-noches-ballet-cullar-vega-1-1024x724.jpeg\" alt=\"\" class=\"wp-image-22091\" srcset=\"https:\/\/cullarvega.com\/casa-cultura\/wp-content\/uploads\/2025\/06\/las-mil-y-una-noches-ballet-cullar-vega-1-1024x724.jpeg 1024w, https:\/\/cullarvega.com\/casa-cultura\/wp-content\/uploads\/2025\/06\/las-mil-y-una-noches-ballet-cullar-vega-1-300x212.jpeg 300w, https:\/\/cullarvega.com\/casa-cultura\/wp-content\/uploads\/2025\/06\/las-mil-y-una-noches-ballet-cullar-vega-1-768x543.jpeg 768w, https:\/\/cullarvega.com\/casa-cultura\/wp-content\/uploads\/2025\/06\/las-mil-y-una-noches-ballet-cullar-vega-1-1536x1085.jpeg 1536w, https:\/\/cullarvega.com\/casa-cultura\/wp-content\/uploads\/2025\/06\/las-mil-y-una-noches-ballet-cullar-vega-1-600x424.jpeg 600w, https:\/\/cullarvega.com\/casa-cultura\/wp-content\/uploads\/2025\/06\/las-mil-y-una-noches-ballet-cullar-vega-1-560x396.jpeg 560w, https:\/\/cullarvega.com\/casa-cultura\/wp-content\/uploads\/2025\/06\/las-mil-y-una-noches-ballet-cullar-vega-1.jpeg 2048w\" sizes=\"(max-width: 1024px) 100vw, 1024px\" \/><\/a><\/figure>\n\n\n\n<figure class=\"wp-block-image size-large\"><a href=\"https:\/\/cullarvega.com\/casa-cultura\/wp-content\/uploads\/2025\/06\/las-mil-y-una-noches-ballet-cullar-vega-2.jpeg\"><img decoding=\"async\" width=\"1024\" height=\"724\" data-id=\"22092\" src=\"https:\/\/cullarvega.com\/casa-cultura\/wp-content\/uploads\/2025\/06\/las-mil-y-una-noches-ballet-cullar-vega-2-1024x724.jpeg\" alt=\"\" class=\"wp-image-22092\" srcset=\"https:\/\/cullarvega.com\/casa-cultura\/wp-content\/uploads\/2025\/06\/las-mil-y-una-noches-ballet-cullar-vega-2-1024x724.jpeg 1024w, https:\/\/cullarvega.com\/casa-cultura\/wp-content\/uploads\/2025\/06\/las-mil-y-una-noches-ballet-cullar-vega-2-300x212.jpeg 300w, https:\/\/cullarvega.com\/casa-cultura\/wp-content\/uploads\/2025\/06\/las-mil-y-una-noches-ballet-cullar-vega-2-768x543.jpeg 768w, https:\/\/cullarvega.com\/casa-cultura\/wp-content\/uploads\/2025\/06\/las-mil-y-una-noches-ballet-cullar-vega-2-1536x1085.jpeg 1536w, https:\/\/cullarvega.com\/casa-cultura\/wp-content\/uploads\/2025\/06\/las-mil-y-una-noches-ballet-cullar-vega-2-600x424.jpeg 600w, https:\/\/cullarvega.com\/casa-cultura\/wp-content\/uploads\/2025\/06\/las-mil-y-una-noches-ballet-cullar-vega-2-560x396.jpeg 560w, https:\/\/cullarvega.com\/casa-cultura\/wp-content\/uploads\/2025\/06\/las-mil-y-una-noches-ballet-cullar-vega-2.jpeg 2048w\" sizes=\"(max-width: 1024px) 100vw, 1024px\" \/><\/a><\/figure>\n<\/figure>\n","protected":false},"excerpt":{"rendered":"<p>El Ballet de C\u00fallar Vega, de la&nbsp;Asociaci\u00f3n Cultural Amaros, estrena el pr\u00f3ximo s\u00e1bado 14 de junio, su nuevo espect\u00e1culo&nbsp;LAS MIL Y UNA NOCHES, donde participar\u00e1 todo el alumnado del taller de baile dirigido por Zoraida Pino. La funci\u00f3n contar\u00e1 con 2 pases, a las 18 h el primero de ellos y a las 19:\u00b70 h [&hellip;]<\/p>\n","protected":false},"author":1,"featured_media":22092,"comment_status":"closed","ping_status":"open","sticky":false,"template":"","format":"standard","meta":{"footnotes":""},"categories":[175],"tags":[],"class_list":["post-22090","post","type-post","status-publish","format-standard","has-post-thumbnail","hentry","category-teatro"],"_links":{"self":[{"href":"https:\/\/cullarvega.com\/casa-cultura\/wp-json\/wp\/v2\/posts\/22090","targetHints":{"allow":["GET"]}}],"collection":[{"href":"https:\/\/cullarvega.com\/casa-cultura\/wp-json\/wp\/v2\/posts"}],"about":[{"href":"https:\/\/cullarvega.com\/casa-cultura\/wp-json\/wp\/v2\/types\/post"}],"author":[{"embeddable":true,"href":"https:\/\/cullarvega.com\/casa-cultura\/wp-json\/wp\/v2\/users\/1"}],"replies":[{"embeddable":true,"href":"https:\/\/cullarvega.com\/casa-cultura\/wp-json\/wp\/v2\/comments?post=22090"}],"version-history":[{"count":1,"href":"https:\/\/cullarvega.com\/casa-cultura\/wp-json\/wp\/v2\/posts\/22090\/revisions"}],"predecessor-version":[{"id":22093,"href":"https:\/\/cullarvega.com\/casa-cultura\/wp-json\/wp\/v2\/posts\/22090\/revisions\/22093"}],"wp:featuredmedia":[{"embeddable":true,"href":"https:\/\/cullarvega.com\/casa-cultura\/wp-json\/wp\/v2\/media\/22092"}],"wp:attachment":[{"href":"https:\/\/cullarvega.com\/casa-cultura\/wp-json\/wp\/v2\/media?parent=22090"}],"wp:term":[{"taxonomy":"category","embeddable":true,"href":"https:\/\/cullarvega.com\/casa-cultura\/wp-json\/wp\/v2\/categories?post=22090"},{"taxonomy":"post_tag","embeddable":true,"href":"https:\/\/cullarvega.com\/casa-cultura\/wp-json\/wp\/v2\/tags?post=22090"}],"curies":[{"name":"wp","href":"https:\/\/api.w.org\/{rel}","templated":true}]}}