{"id":22085,"date":"2025-06-09T10:45:41","date_gmt":"2025-06-09T08:45:41","guid":{"rendered":"https:\/\/cullarvega.com\/casa-cultura\/?p=22085"},"modified":"2025-06-09T10:45:42","modified_gmt":"2025-06-09T08:45:42","slug":"taller-de-terapia-con-animales-en-cullar-vega","status":"publish","type":"post","link":"https:\/\/cullarvega.com\/casa-cultura\/taller-de-terapia-con-animales-en-cullar-vega\/","title":{"rendered":"Taller de Terapia con Animales en C\u00fallar Vega"},"content":{"rendered":"\n<p>El pr\u00f3ximo viernes 13 de junio a las 11:00 h, la Casa de la Cultura de C\u00fallar Vega acoger\u00e1 un Taller de Terapia con Animales, una actividad que busca promover el bienestar emocional y psicol\u00f3gico a trav\u00e9s del contacto con animales.<\/p>\n\n\n\n<p>El taller ser\u00e1 impartido por Nicol\u00e1s Montes, profesional de la entidad Hachiko, especializada en terapia canina. Durante la sesi\u00f3n, los asistentes podr\u00e1n conocer de cerca los beneficios de la intervenci\u00f3n asistida con animales, una t\u00e9cnica cada vez m\u00e1s utilizada en el \u00e1mbito terap\u00e9utico.<\/p>\n\n\n\n<p><a href=\"https:\/\/www.cullarvega.com\/wp-content\/uploads\/2025\/06\/taller-de-terapia-con-animales-ii-semana-salud.jpeg\"><\/a><\/p>\n\n\n\n<figure class=\"wp-block-image size-large\"><a href=\"https:\/\/cullarvega.com\/casa-cultura\/wp-content\/uploads\/2025\/06\/taller-de-terapia-con-animales-ii-semana-salud.jpeg\"><img fetchpriority=\"high\" decoding=\"async\" width=\"683\" height=\"1024\" src=\"https:\/\/cullarvega.com\/casa-cultura\/wp-content\/uploads\/2025\/06\/taller-de-terapia-con-animales-ii-semana-salud-683x1024.jpeg\" alt=\"\" class=\"wp-image-22086\" srcset=\"https:\/\/cullarvega.com\/casa-cultura\/wp-content\/uploads\/2025\/06\/taller-de-terapia-con-animales-ii-semana-salud-683x1024.jpeg 683w, https:\/\/cullarvega.com\/casa-cultura\/wp-content\/uploads\/2025\/06\/taller-de-terapia-con-animales-ii-semana-salud-200x300.jpeg 200w, https:\/\/cullarvega.com\/casa-cultura\/wp-content\/uploads\/2025\/06\/taller-de-terapia-con-animales-ii-semana-salud-768x1152.jpeg 768w, https:\/\/cullarvega.com\/casa-cultura\/wp-content\/uploads\/2025\/06\/taller-de-terapia-con-animales-ii-semana-salud-400x600.jpeg 400w, https:\/\/cullarvega.com\/casa-cultura\/wp-content\/uploads\/2025\/06\/taller-de-terapia-con-animales-ii-semana-salud-373x560.jpeg 373w, https:\/\/cullarvega.com\/casa-cultura\/wp-content\/uploads\/2025\/06\/taller-de-terapia-con-animales-ii-semana-salud.jpeg 1024w\" sizes=\"(max-width: 683px) 100vw, 683px\" \/><\/a><\/figure>\n","protected":false},"excerpt":{"rendered":"<p>El pr\u00f3ximo viernes 13 de junio a las 11:00 h, la Casa de la Cultura de C\u00fallar Vega acoger\u00e1 un Taller de Terapia con Animales, una actividad que busca promover el bienestar emocional y psicol\u00f3gico a trav\u00e9s del contacto con animales. El taller ser\u00e1 impartido por Nicol\u00e1s Montes, profesional de la entidad Hachiko, especializada en [&hellip;]<\/p>\n","protected":false},"author":1,"featured_media":22086,"comment_status":"closed","ping_status":"open","sticky":false,"template":"","format":"standard","meta":{"footnotes":""},"categories":[176],"tags":[],"class_list":["post-22085","post","type-post","status-publish","format-standard","has-post-thumbnail","hentry","category-formacion"],"_links":{"self":[{"href":"https:\/\/cullarvega.com\/casa-cultura\/wp-json\/wp\/v2\/posts\/22085","targetHints":{"allow":["GET"]}}],"collection":[{"href":"https:\/\/cullarvega.com\/casa-cultura\/wp-json\/wp\/v2\/posts"}],"about":[{"href":"https:\/\/cullarvega.com\/casa-cultura\/wp-json\/wp\/v2\/types\/post"}],"author":[{"embeddable":true,"href":"https:\/\/cullarvega.com\/casa-cultura\/wp-json\/wp\/v2\/users\/1"}],"replies":[{"embeddable":true,"href":"https:\/\/cullarvega.com\/casa-cultura\/wp-json\/wp\/v2\/comments?post=22085"}],"version-history":[{"count":1,"href":"https:\/\/cullarvega.com\/casa-cultura\/wp-json\/wp\/v2\/posts\/22085\/revisions"}],"predecessor-version":[{"id":22087,"href":"https:\/\/cullarvega.com\/casa-cultura\/wp-json\/wp\/v2\/posts\/22085\/revisions\/22087"}],"wp:featuredmedia":[{"embeddable":true,"href":"https:\/\/cullarvega.com\/casa-cultura\/wp-json\/wp\/v2\/media\/22086"}],"wp:attachment":[{"href":"https:\/\/cullarvega.com\/casa-cultura\/wp-json\/wp\/v2\/media?parent=22085"}],"wp:term":[{"taxonomy":"category","embeddable":true,"href":"https:\/\/cullarvega.com\/casa-cultura\/wp-json\/wp\/v2\/categories?post=22085"},{"taxonomy":"post_tag","embeddable":true,"href":"https:\/\/cullarvega.com\/casa-cultura\/wp-json\/wp\/v2\/tags?post=22085"}],"curies":[{"name":"wp","href":"https:\/\/api.w.org\/{rel}","templated":true}]}}