{"id":22080,"date":"2025-06-04T13:33:17","date_gmt":"2025-06-04T11:33:17","guid":{"rendered":"https:\/\/cullarvega.com\/casa-cultura\/?p=22080"},"modified":"2025-06-04T13:33:18","modified_gmt":"2025-06-04T11:33:18","slug":"el-teatro-clasico-vuelve-a-cullar-vega-con-la-obra-palabras-mayores-de-trealejo-teatro","status":"publish","type":"post","link":"https:\/\/cullarvega.com\/casa-cultura\/el-teatro-clasico-vuelve-a-cullar-vega-con-la-obra-palabras-mayores-de-trealejo-teatro\/","title":{"rendered":"El teatro cl\u00e1sico vuelve a C\u00fallar Vega con la obra \u00abPalabras Mayores\u00bb de Trealejo Teatro"},"content":{"rendered":"\n<p>El pr\u00f3ximo jueves 26 de junio a las 20:00 h, la Casa de la Cultura de C\u00fallar Vega se vestir\u00e1 de gala para recibir a la compa\u00f1\u00eda Trealejo Teatro, que presenta su espect\u00e1culo \u00abPalabras Mayores\u00bb, una propuesta esc\u00e9nica que recorre algunas de las grandes obras del teatro universal.<\/p>\n\n\n\n<p>La funci\u00f3n, con entrada gratuita, incluir\u00e1 escenas emblem\u00e1ticas de piezas inmortales como:<\/p>\n\n\n\n<p>&#8211; \u00abAnt\u00edgona\u00bb de S\u00f3focles<\/p>\n\n\n\n<p>&#8211; \u00abOtelo\u00bb de William Shakespeare<\/p>\n\n\n\n<p>&#8211; \u00abCasa de mu\u00f1ecas\u00bb de Henrik Ibsen<\/p>\n\n\n\n<p>&#8211; \u00abLa cantante calva\u00bb de Eug\u00e8ne Ionesco<\/p>\n\n\n\n<figure class=\"wp-block-image size-large\"><a href=\"https:\/\/cullarvega.com\/casa-cultura\/wp-content\/uploads\/2025\/06\/palabras-mayores-trealejo-teatro.jpeg\"><img fetchpriority=\"high\" decoding=\"async\" width=\"724\" height=\"1024\" src=\"https:\/\/cullarvega.com\/casa-cultura\/wp-content\/uploads\/2025\/06\/palabras-mayores-trealejo-teatro-724x1024.jpeg\" alt=\"\" class=\"wp-image-22081\" srcset=\"https:\/\/cullarvega.com\/casa-cultura\/wp-content\/uploads\/2025\/06\/palabras-mayores-trealejo-teatro-724x1024.jpeg 724w, https:\/\/cullarvega.com\/casa-cultura\/wp-content\/uploads\/2025\/06\/palabras-mayores-trealejo-teatro-212x300.jpeg 212w, https:\/\/cullarvega.com\/casa-cultura\/wp-content\/uploads\/2025\/06\/palabras-mayores-trealejo-teatro-768x1086.jpeg 768w, https:\/\/cullarvega.com\/casa-cultura\/wp-content\/uploads\/2025\/06\/palabras-mayores-trealejo-teatro-1086x1536.jpeg 1086w, https:\/\/cullarvega.com\/casa-cultura\/wp-content\/uploads\/2025\/06\/palabras-mayores-trealejo-teatro-424x600.jpeg 424w, https:\/\/cullarvega.com\/casa-cultura\/wp-content\/uploads\/2025\/06\/palabras-mayores-trealejo-teatro-396x560.jpeg 396w, https:\/\/cullarvega.com\/casa-cultura\/wp-content\/uploads\/2025\/06\/palabras-mayores-trealejo-teatro.jpeg 1131w\" sizes=\"(max-width: 724px) 100vw, 724px\" \/><\/a><\/figure>\n","protected":false},"excerpt":{"rendered":"<p>El pr\u00f3ximo jueves 26 de junio a las 20:00 h, la Casa de la Cultura de C\u00fallar Vega se vestir\u00e1 de gala para recibir a la compa\u00f1\u00eda Trealejo Teatro, que presenta su espect\u00e1culo \u00abPalabras Mayores\u00bb, una propuesta esc\u00e9nica que recorre algunas de las grandes obras del teatro universal. La funci\u00f3n, con entrada gratuita, incluir\u00e1 escenas [&hellip;]<\/p>\n","protected":false},"author":1,"featured_media":0,"comment_status":"closed","ping_status":"open","sticky":false,"template":"","format":"standard","meta":{"footnotes":""},"categories":[175],"tags":[],"class_list":["post-22080","post","type-post","status-publish","format-standard","hentry","category-teatro"],"_links":{"self":[{"href":"https:\/\/cullarvega.com\/casa-cultura\/wp-json\/wp\/v2\/posts\/22080","targetHints":{"allow":["GET"]}}],"collection":[{"href":"https:\/\/cullarvega.com\/casa-cultura\/wp-json\/wp\/v2\/posts"}],"about":[{"href":"https:\/\/cullarvega.com\/casa-cultura\/wp-json\/wp\/v2\/types\/post"}],"author":[{"embeddable":true,"href":"https:\/\/cullarvega.com\/casa-cultura\/wp-json\/wp\/v2\/users\/1"}],"replies":[{"embeddable":true,"href":"https:\/\/cullarvega.com\/casa-cultura\/wp-json\/wp\/v2\/comments?post=22080"}],"version-history":[{"count":1,"href":"https:\/\/cullarvega.com\/casa-cultura\/wp-json\/wp\/v2\/posts\/22080\/revisions"}],"predecessor-version":[{"id":22082,"href":"https:\/\/cullarvega.com\/casa-cultura\/wp-json\/wp\/v2\/posts\/22080\/revisions\/22082"}],"wp:attachment":[{"href":"https:\/\/cullarvega.com\/casa-cultura\/wp-json\/wp\/v2\/media?parent=22080"}],"wp:term":[{"taxonomy":"category","embeddable":true,"href":"https:\/\/cullarvega.com\/casa-cultura\/wp-json\/wp\/v2\/categories?post=22080"},{"taxonomy":"post_tag","embeddable":true,"href":"https:\/\/cullarvega.com\/casa-cultura\/wp-json\/wp\/v2\/tags?post=22080"}],"curies":[{"name":"wp","href":"https:\/\/api.w.org\/{rel}","templated":true}]}}