{"id":22077,"date":"2025-06-04T12:29:25","date_gmt":"2025-06-04T10:29:25","guid":{"rendered":"https:\/\/cullarvega.com\/casa-cultura\/?p=22077"},"modified":"2025-06-04T12:29:26","modified_gmt":"2025-06-04T10:29:26","slug":"campamento-digital-2025-para-nins-de-9-a-13-anos","status":"publish","type":"post","link":"https:\/\/cullarvega.com\/casa-cultura\/campamento-digital-2025-para-nins-de-9-a-13-anos\/","title":{"rendered":"Campamento Digital 2025 para ni\u00f1@s de 9 a 13 a\u00f1os"},"content":{"rendered":"\n<p>Programa de actividades gratuitas para ni\u00f1os y ni\u00f1as de 9 a 13 a\u00f1os en competencias digitales cuyo aprendizaje est\u00e1 planteado como un juego a trav\u00e9s de una aventura interactiva, en la que deber\u00e1n completar etapas y cumplir misiones para conseguir logros.<\/p>\n\n\n\n<p>Para m\u00e1s informaci\u00f3n env\u00eda un Whatsapp al 683150102<a href=\"https:\/\/www.cullarvega.com\/wp-content\/uploads\/2025\/06\/campamento-Digital-2025-punto-vuela-cullar-vega.png\"><\/a><\/p>\n\n\n\n<p>24 horas de formaci\u00f3n presencial con entrega\u00a0<strong>Certificado<\/strong>\u00a0<strong>DigComp<\/strong>\u00a0al finalizar la actividad.<\/p>\n\n\n\n<p><strong>Gratuito \u2013 Plazas<\/strong>\u00a0<strong>limitadas<\/strong>\u00a0(grupos m\u00e1ximo 15 j\u00f3venes)<\/p>\n\n\n\n<p><strong>Dirigido<\/strong>\u00a0a j\u00f3venes de 9 a 13 a\u00f1os.<\/p>\n\n\n\n<p><strong>Contenido Competencias Digitales B\u00e1sicas:<\/strong><\/p>\n\n\n\n<p>Contextos y Contenidos Digitales.<\/p>\n\n\n\n<p>B\u00fasquedas de Informaci\u00f3n y Correo Electr\u00f3nico.<\/p>\n\n\n\n<p>Identidad Digital, Privacidad y Datos Personales.<\/p>\n\n\n\n<p>Medidas de Seguridad y Protecci\u00f3n en la Red<\/p>\n\n\n\n<p>Fake News y Desinformaci\u00f3n<\/p>\n\n\n\n<p><strong>Grupo I<\/strong>: 1 al 11 de julio<\/p>\n\n\n\n<p><strong>Grupo II<\/strong>: 19 al 29 de agosto<\/p>\n\n\n\n<p><strong>Horario<\/strong>: de martes a viernes de 10 a 13 h.<\/p>\n\n\n\n<p><strong>Inscripci\u00f3n<\/strong>:\u00a0<a href=\"https:\/\/forms.gle\/Nzwxr1XVazPMQhz27\" target=\"_blank\" rel=\"noreferrer noopener\">https:\/\/forms.gle\/Nzwxr1XVazPMQhz27<\/a><\/p>\n\n\n\n<figure class=\"wp-block-image size-large\"><a href=\"https:\/\/cullarvega.com\/casa-cultura\/wp-content\/uploads\/2025\/06\/campamento-Digital-2025-punto-vuela-cullar-vega.png\"><img fetchpriority=\"high\" decoding=\"async\" width=\"724\" height=\"1024\" src=\"https:\/\/cullarvega.com\/casa-cultura\/wp-content\/uploads\/2025\/06\/campamento-Digital-2025-punto-vuela-cullar-vega-724x1024.png\" alt=\"\" class=\"wp-image-22078\" srcset=\"https:\/\/cullarvega.com\/casa-cultura\/wp-content\/uploads\/2025\/06\/campamento-Digital-2025-punto-vuela-cullar-vega-724x1024.png 724w, https:\/\/cullarvega.com\/casa-cultura\/wp-content\/uploads\/2025\/06\/campamento-Digital-2025-punto-vuela-cullar-vega-212x300.png 212w, https:\/\/cullarvega.com\/casa-cultura\/wp-content\/uploads\/2025\/06\/campamento-Digital-2025-punto-vuela-cullar-vega-768x1086.png 768w, https:\/\/cullarvega.com\/casa-cultura\/wp-content\/uploads\/2025\/06\/campamento-Digital-2025-punto-vuela-cullar-vega-1086x1536.png 1086w, https:\/\/cullarvega.com\/casa-cultura\/wp-content\/uploads\/2025\/06\/campamento-Digital-2025-punto-vuela-cullar-vega-424x600.png 424w, https:\/\/cullarvega.com\/casa-cultura\/wp-content\/uploads\/2025\/06\/campamento-Digital-2025-punto-vuela-cullar-vega-396x560.png 396w, https:\/\/cullarvega.com\/casa-cultura\/wp-content\/uploads\/2025\/06\/campamento-Digital-2025-punto-vuela-cullar-vega.png 1414w\" sizes=\"(max-width: 724px) 100vw, 724px\" \/><\/a><\/figure>\n","protected":false},"excerpt":{"rendered":"<p>Programa de actividades gratuitas para ni\u00f1os y ni\u00f1as de 9 a 13 a\u00f1os en competencias digitales cuyo aprendizaje est\u00e1 planteado como un juego a trav\u00e9s de una aventura interactiva, en la que deber\u00e1n completar etapas y cumplir misiones para conseguir logros. Para m\u00e1s informaci\u00f3n env\u00eda un Whatsapp al 683150102 24 horas de formaci\u00f3n presencial con [&hellip;]<\/p>\n","protected":false},"author":1,"featured_media":0,"comment_status":"closed","ping_status":"open","sticky":false,"template":"","format":"standard","meta":{"footnotes":""},"categories":[43],"tags":[],"class_list":["post-22077","post","type-post","status-publish","format-standard","hentry","category-punto-vuela"],"_links":{"self":[{"href":"https:\/\/cullarvega.com\/casa-cultura\/wp-json\/wp\/v2\/posts\/22077","targetHints":{"allow":["GET"]}}],"collection":[{"href":"https:\/\/cullarvega.com\/casa-cultura\/wp-json\/wp\/v2\/posts"}],"about":[{"href":"https:\/\/cullarvega.com\/casa-cultura\/wp-json\/wp\/v2\/types\/post"}],"author":[{"embeddable":true,"href":"https:\/\/cullarvega.com\/casa-cultura\/wp-json\/wp\/v2\/users\/1"}],"replies":[{"embeddable":true,"href":"https:\/\/cullarvega.com\/casa-cultura\/wp-json\/wp\/v2\/comments?post=22077"}],"version-history":[{"count":1,"href":"https:\/\/cullarvega.com\/casa-cultura\/wp-json\/wp\/v2\/posts\/22077\/revisions"}],"predecessor-version":[{"id":22079,"href":"https:\/\/cullarvega.com\/casa-cultura\/wp-json\/wp\/v2\/posts\/22077\/revisions\/22079"}],"wp:attachment":[{"href":"https:\/\/cullarvega.com\/casa-cultura\/wp-json\/wp\/v2\/media?parent=22077"}],"wp:term":[{"taxonomy":"category","embeddable":true,"href":"https:\/\/cullarvega.com\/casa-cultura\/wp-json\/wp\/v2\/categories?post=22077"},{"taxonomy":"post_tag","embeddable":true,"href":"https:\/\/cullarvega.com\/casa-cultura\/wp-json\/wp\/v2\/tags?post=22077"}],"curies":[{"name":"wp","href":"https:\/\/api.w.org\/{rel}","templated":true}]}}