{"id":22069,"date":"2025-06-03T18:06:16","date_gmt":"2025-06-03T16:06:16","guid":{"rendered":"https:\/\/cullarvega.com\/casa-cultura\/?p=22069"},"modified":"2025-06-03T18:06:17","modified_gmt":"2025-06-03T16:06:17","slug":"el-musical-hairspray-llega-a-cullar-vega-este-fin-de-semana","status":"publish","type":"post","link":"https:\/\/cullarvega.com\/casa-cultura\/el-musical-hairspray-llega-a-cullar-vega-este-fin-de-semana\/","title":{"rendered":"El musical \u00abHairspray\u00bb llega a C\u00fallar Vega este fin de semana"},"content":{"rendered":"\n<p>La Casa de la Cultura de C\u00fallar Vega se llenar\u00e1 de ritmo, color y talento joven con la puesta en escena del musical \u00abHairspray\u00bb, los d\u00edas 7 y 8 de junio a las 19:00 horas. Una propuesta teatral llena de energ\u00eda, organizada por el grupo Quirja Artes Esc\u00e9nicas, que promete encantar a grandes y peque\u00f1os.<\/p>\n\n\n\n<p>Inspirado en la exitosa obra de Broadway, \u00abHairspray\u00bb transporta al p\u00fablico a los a\u00f1os 60 con una historia vibrante, mensajes de inclusi\u00f3n y una potente banda sonora que no dejar\u00e1 a nadie indiferente.<\/p>\n\n\n\n<p>Detalles del evento:<\/p>\n\n\n\n<p>&#8211; <strong>Lugar<\/strong>: Casa de la Cultura de C\u00fallar Vega<\/p>\n\n\n\n<p>&#8211; <strong>Fechas<\/strong>: S\u00e1bado 7 y Domingo 8 de junio<\/p>\n\n\n\n<p>&#8211; <strong>Hora:<\/strong> 19:00 h<\/p>\n\n\n\n<p>&#8211; <strong>Entradas<\/strong>: 6 \u20ac &#8211; Venta los Martes y jueves de 16:30 a 20:30 en ONIRIA, Mi\u00e9rcoles de 17:00 a 21:00 en la casa de la Cultura y 1 hora antes en taquilla. <\/p>\n\n\n\n<figure class=\"wp-block-image size-large\"><a href=\"https:\/\/cullarvega.com\/casa-cultura\/wp-content\/uploads\/2025\/06\/musical-hairspray-cullar-vega-7-8-junio.jpeg\"><img fetchpriority=\"high\" decoding=\"async\" width=\"724\" height=\"1024\" src=\"https:\/\/cullarvega.com\/casa-cultura\/wp-content\/uploads\/2025\/06\/musical-hairspray-cullar-vega-7-8-junio-724x1024.jpeg\" alt=\"\" class=\"wp-image-22070\" srcset=\"https:\/\/cullarvega.com\/casa-cultura\/wp-content\/uploads\/2025\/06\/musical-hairspray-cullar-vega-7-8-junio-724x1024.jpeg 724w, https:\/\/cullarvega.com\/casa-cultura\/wp-content\/uploads\/2025\/06\/musical-hairspray-cullar-vega-7-8-junio-212x300.jpeg 212w, https:\/\/cullarvega.com\/casa-cultura\/wp-content\/uploads\/2025\/06\/musical-hairspray-cullar-vega-7-8-junio-768x1086.jpeg 768w, https:\/\/cullarvega.com\/casa-cultura\/wp-content\/uploads\/2025\/06\/musical-hairspray-cullar-vega-7-8-junio-1086x1536.jpeg 1086w, https:\/\/cullarvega.com\/casa-cultura\/wp-content\/uploads\/2025\/06\/musical-hairspray-cullar-vega-7-8-junio-424x600.jpeg 424w, https:\/\/cullarvega.com\/casa-cultura\/wp-content\/uploads\/2025\/06\/musical-hairspray-cullar-vega-7-8-junio-396x560.jpeg 396w, https:\/\/cullarvega.com\/casa-cultura\/wp-content\/uploads\/2025\/06\/musical-hairspray-cullar-vega-7-8-junio.jpeg 1448w\" sizes=\"(max-width: 724px) 100vw, 724px\" \/><\/a><\/figure>\n","protected":false},"excerpt":{"rendered":"<p>La Casa de la Cultura de C\u00fallar Vega se llenar\u00e1 de ritmo, color y talento joven con la puesta en escena del musical \u00abHairspray\u00bb, los d\u00edas 7 y 8 de junio a las 19:00 horas. Una propuesta teatral llena de energ\u00eda, organizada por el grupo Quirja Artes Esc\u00e9nicas, que promete encantar a grandes y peque\u00f1os. [&hellip;]<\/p>\n","protected":false},"author":1,"featured_media":0,"comment_status":"closed","ping_status":"open","sticky":false,"template":"","format":"standard","meta":{"footnotes":""},"categories":[175],"tags":[],"class_list":["post-22069","post","type-post","status-publish","format-standard","hentry","category-teatro"],"_links":{"self":[{"href":"https:\/\/cullarvega.com\/casa-cultura\/wp-json\/wp\/v2\/posts\/22069","targetHints":{"allow":["GET"]}}],"collection":[{"href":"https:\/\/cullarvega.com\/casa-cultura\/wp-json\/wp\/v2\/posts"}],"about":[{"href":"https:\/\/cullarvega.com\/casa-cultura\/wp-json\/wp\/v2\/types\/post"}],"author":[{"embeddable":true,"href":"https:\/\/cullarvega.com\/casa-cultura\/wp-json\/wp\/v2\/users\/1"}],"replies":[{"embeddable":true,"href":"https:\/\/cullarvega.com\/casa-cultura\/wp-json\/wp\/v2\/comments?post=22069"}],"version-history":[{"count":1,"href":"https:\/\/cullarvega.com\/casa-cultura\/wp-json\/wp\/v2\/posts\/22069\/revisions"}],"predecessor-version":[{"id":22071,"href":"https:\/\/cullarvega.com\/casa-cultura\/wp-json\/wp\/v2\/posts\/22069\/revisions\/22071"}],"wp:attachment":[{"href":"https:\/\/cullarvega.com\/casa-cultura\/wp-json\/wp\/v2\/media?parent=22069"}],"wp:term":[{"taxonomy":"category","embeddable":true,"href":"https:\/\/cullarvega.com\/casa-cultura\/wp-json\/wp\/v2\/categories?post=22069"},{"taxonomy":"post_tag","embeddable":true,"href":"https:\/\/cullarvega.com\/casa-cultura\/wp-json\/wp\/v2\/tags?post=22069"}],"curies":[{"name":"wp","href":"https:\/\/api.w.org\/{rel}","templated":true}]}}