{"id":22066,"date":"2025-05-30T13:43:07","date_gmt":"2025-05-30T11:43:07","guid":{"rendered":"https:\/\/cullarvega.com\/casa-cultura\/?p=22066"},"modified":"2025-05-30T13:43:09","modified_gmt":"2025-05-30T11:43:09","slug":"abierto-plazo-de-matriculacion-para-el-curso-2025-2026-del-ceper-elena-martin-vivaldi","status":"publish","type":"post","link":"https:\/\/cullarvega.com\/casa-cultura\/abierto-plazo-de-matriculacion-para-el-curso-2025-2026-del-ceper-elena-martin-vivaldi\/","title":{"rendered":"Abierto plazo de matriculaci\u00f3n para el curso 2025-2026 del CEPER Elena Mart\u00edn Vivaldi"},"content":{"rendered":"\n<div class=\"wp-block-group is-vertical is-layout-flex wp-container-core-group-is-layout-8cf370e7 wp-block-group-is-layout-flex\">\n<p>Se abre plazo de matr\u00edcula del<strong> Centro P\u00fablico de Educaci\u00f3n de Personas Adultas Elena Mart\u00edn Vivaldi<\/strong> del <strong>2 al 13 de junio <\/strong>para el curso 2025-2026:<strong> E.S.A<\/strong> (Graduado Secundaria con matr\u00edcula en IES), Ingl\u00e9s (A1, A2 y B1 con matr\u00edcula en EOI), preparaci\u00f3n para las pruebas de acceso a la <strong>universidad <\/strong>(Pau +25 +45), planes de estudios para una ciudadan\u00eda activa, uso b\u00e1sico de nuevas tecnolog\u00edas, uso b\u00e1sico de Ingl\u00e9s, espa\u00f1ol para extranjeros, patrimonio andaluz y h\u00e1bitos de vida saludable.<\/p>\n<\/div>\n\n\n\n<p>Descarga matr\u00edcula: <a href=\"https:\/\/www.cullarvega.com\/wp-content\/uploads\/2025\/06\/Impreso-Matricula-25-26.pdf\" target=\"_blank\" rel=\"noreferrer noopener\">https:\/\/www.cullarvega.com\/wp-content\/uploads\/2025\/06\/Impreso-Matricula-25-26.pdf<\/a><\/p>\n\n\n\n<p>Ven a matricularte y no olvides traer 2 fotocopias de tu DNI y 2 fotograf\u00edas tama\u00f1o carn\u00e9 a la Casa de la Cultura.<\/p>\n\n\n\n<figure class=\"wp-block-image size-large\"><a href=\"https:\/\/cullarvega.com\/casa-cultura\/wp-content\/uploads\/2025\/05\/abierto-plazo-matriculacion-ceper-elena-martin-vivaldi-25-26_1.jpeg\"><img fetchpriority=\"high\" decoding=\"async\" width=\"1024\" height=\"1024\" src=\"https:\/\/cullarvega.com\/casa-cultura\/wp-content\/uploads\/2025\/05\/abierto-plazo-matriculacion-ceper-elena-martin-vivaldi-25-26_1-1024x1024.jpeg\" alt=\"\" class=\"wp-image-22067\" srcset=\"https:\/\/cullarvega.com\/casa-cultura\/wp-content\/uploads\/2025\/05\/abierto-plazo-matriculacion-ceper-elena-martin-vivaldi-25-26_1-1024x1024.jpeg 1024w, https:\/\/cullarvega.com\/casa-cultura\/wp-content\/uploads\/2025\/05\/abierto-plazo-matriculacion-ceper-elena-martin-vivaldi-25-26_1-300x300.jpeg 300w, https:\/\/cullarvega.com\/casa-cultura\/wp-content\/uploads\/2025\/05\/abierto-plazo-matriculacion-ceper-elena-martin-vivaldi-25-26_1-150x150.jpeg 150w, https:\/\/cullarvega.com\/casa-cultura\/wp-content\/uploads\/2025\/05\/abierto-plazo-matriculacion-ceper-elena-martin-vivaldi-25-26_1-768x768.jpeg 768w, https:\/\/cullarvega.com\/casa-cultura\/wp-content\/uploads\/2025\/05\/abierto-plazo-matriculacion-ceper-elena-martin-vivaldi-25-26_1-1536x1536.jpeg 1536w, https:\/\/cullarvega.com\/casa-cultura\/wp-content\/uploads\/2025\/05\/abierto-plazo-matriculacion-ceper-elena-martin-vivaldi-25-26_1-600x600.jpeg 600w, https:\/\/cullarvega.com\/casa-cultura\/wp-content\/uploads\/2025\/05\/abierto-plazo-matriculacion-ceper-elena-martin-vivaldi-25-26_1-560x560.jpeg 560w, https:\/\/cullarvega.com\/casa-cultura\/wp-content\/uploads\/2025\/05\/abierto-plazo-matriculacion-ceper-elena-martin-vivaldi-25-26_1.jpeg 1600w\" sizes=\"(max-width: 1024px) 100vw, 1024px\" \/><\/a><\/figure>\n","protected":false},"excerpt":{"rendered":"<p>Se abre plazo de matr\u00edcula del Centro P\u00fablico de Educaci\u00f3n de Personas Adultas Elena Mart\u00edn Vivaldi del 2 al 13 de junio para el curso 2025-2026: E.S.A (Graduado Secundaria con matr\u00edcula en IES), Ingl\u00e9s (A1, A2 y B1 con matr\u00edcula en EOI), preparaci\u00f3n para las pruebas de acceso a la universidad (Pau +25 +45), planes [&hellip;]<\/p>\n","protected":false},"author":1,"featured_media":22067,"comment_status":"closed","ping_status":"open","sticky":false,"template":"","format":"standard","meta":{"footnotes":""},"categories":[42],"tags":[],"class_list":["post-22066","post","type-post","status-publish","format-standard","has-post-thumbnail","hentry","category-ceper-elena-martin-vivaldi"],"_links":{"self":[{"href":"https:\/\/cullarvega.com\/casa-cultura\/wp-json\/wp\/v2\/posts\/22066","targetHints":{"allow":["GET"]}}],"collection":[{"href":"https:\/\/cullarvega.com\/casa-cultura\/wp-json\/wp\/v2\/posts"}],"about":[{"href":"https:\/\/cullarvega.com\/casa-cultura\/wp-json\/wp\/v2\/types\/post"}],"author":[{"embeddable":true,"href":"https:\/\/cullarvega.com\/casa-cultura\/wp-json\/wp\/v2\/users\/1"}],"replies":[{"embeddable":true,"href":"https:\/\/cullarvega.com\/casa-cultura\/wp-json\/wp\/v2\/comments?post=22066"}],"version-history":[{"count":1,"href":"https:\/\/cullarvega.com\/casa-cultura\/wp-json\/wp\/v2\/posts\/22066\/revisions"}],"predecessor-version":[{"id":22068,"href":"https:\/\/cullarvega.com\/casa-cultura\/wp-json\/wp\/v2\/posts\/22066\/revisions\/22068"}],"wp:featuredmedia":[{"embeddable":true,"href":"https:\/\/cullarvega.com\/casa-cultura\/wp-json\/wp\/v2\/media\/22067"}],"wp:attachment":[{"href":"https:\/\/cullarvega.com\/casa-cultura\/wp-json\/wp\/v2\/media?parent=22066"}],"wp:term":[{"taxonomy":"category","embeddable":true,"href":"https:\/\/cullarvega.com\/casa-cultura\/wp-json\/wp\/v2\/categories?post=22066"},{"taxonomy":"post_tag","embeddable":true,"href":"https:\/\/cullarvega.com\/casa-cultura\/wp-json\/wp\/v2\/tags?post=22066"}],"curies":[{"name":"wp","href":"https:\/\/api.w.org\/{rel}","templated":true}]}}