{"id":22061,"date":"2025-05-30T13:25:24","date_gmt":"2025-05-30T11:25:24","guid":{"rendered":"https:\/\/cullarvega.com\/casa-cultura\/?p=22061"},"modified":"2025-05-30T13:25:26","modified_gmt":"2025-05-30T11:25:26","slug":"cullar-vega-frente-al-cambio-climatico-una-charla-para-la-accion-local","status":"publish","type":"post","link":"https:\/\/cullarvega.com\/casa-cultura\/cullar-vega-frente-al-cambio-climatico-una-charla-para-la-accion-local\/","title":{"rendered":"C\u00fallar Vega frente al cambio clim\u00e1tico: una charla para la acci\u00f3n local"},"content":{"rendered":"\n<p>El pr\u00f3ximo <strong>mi\u00e9rcoles 4 de junio<\/strong>, la Casa de la Cultura de <strong>C\u00fallar Vega<\/strong> acoger\u00e1 la charla <strong>\u00abC\u00fallar Vega frente al cambio clim\u00e1tico\u00bb<\/strong>, un evento que pretende concienciar sobre los retos medioambientales y el papel activo de los municipios en la lucha contra el calentamiento global.<\/p>\n\n\n\n<p>La ponencia, que comenzar\u00e1 a las <strong>19:30 horas<\/strong>, ser\u00e1 impartida por <strong>Lola Ortega Reyes<\/strong>, presidenta de la asociaci\u00f3n <strong>\u201c\u00c1rboles contra el cambio clim\u00e1tico\u201d<\/strong>, reconocida por su compromiso en la promoci\u00f3n de pr\u00e1cticas sostenibles y la reforestaci\u00f3n como herramienta de mitigaci\u00f3n clim\u00e1tica.<\/p>\n\n\n\n<p>La iniciativa busca no solo informar, sino tambi\u00e9n motivar a la ciudadan\u00eda a participar activamente en el cuidado del entorno local desde una perspectiva global.<\/p>\n\n\n\n<p>Una cita imprescindible para quienes creen que el cambio comienza en lo cercano.<\/p>\n\n\n\n<figure class=\"wp-block-image size-large\"><a href=\"https:\/\/cullarvega.com\/casa-cultura\/wp-content\/uploads\/2025\/05\/charla-cullar-vega-frente-al-cambio-climatico.jpeg\"><img fetchpriority=\"high\" decoding=\"async\" width=\"732\" height=\"1024\" src=\"https:\/\/cullarvega.com\/casa-cultura\/wp-content\/uploads\/2025\/05\/charla-cullar-vega-frente-al-cambio-climatico-732x1024.jpeg\" alt=\"\" class=\"wp-image-22062\" srcset=\"https:\/\/cullarvega.com\/casa-cultura\/wp-content\/uploads\/2025\/05\/charla-cullar-vega-frente-al-cambio-climatico-732x1024.jpeg 732w, https:\/\/cullarvega.com\/casa-cultura\/wp-content\/uploads\/2025\/05\/charla-cullar-vega-frente-al-cambio-climatico-214x300.jpeg 214w, https:\/\/cullarvega.com\/casa-cultura\/wp-content\/uploads\/2025\/05\/charla-cullar-vega-frente-al-cambio-climatico-768x1075.jpeg 768w, https:\/\/cullarvega.com\/casa-cultura\/wp-content\/uploads\/2025\/05\/charla-cullar-vega-frente-al-cambio-climatico-1097x1536.jpeg 1097w, https:\/\/cullarvega.com\/casa-cultura\/wp-content\/uploads\/2025\/05\/charla-cullar-vega-frente-al-cambio-climatico-429x600.jpeg 429w, https:\/\/cullarvega.com\/casa-cultura\/wp-content\/uploads\/2025\/05\/charla-cullar-vega-frente-al-cambio-climatico-400x560.jpeg 400w, https:\/\/cullarvega.com\/casa-cultura\/wp-content\/uploads\/2025\/05\/charla-cullar-vega-frente-al-cambio-climatico.jpeg 1143w\" sizes=\"(max-width: 732px) 100vw, 732px\" \/><\/a><\/figure>\n","protected":false},"excerpt":{"rendered":"<p>El pr\u00f3ximo mi\u00e9rcoles 4 de junio, la Casa de la Cultura de C\u00fallar Vega acoger\u00e1 la charla \u00abC\u00fallar Vega frente al cambio clim\u00e1tico\u00bb, un evento que pretende concienciar sobre los retos medioambientales y el papel activo de los municipios en la lucha contra el calentamiento global. La ponencia, que comenzar\u00e1 a las 19:30 horas, ser\u00e1 [&hellip;]<\/p>\n","protected":false},"author":1,"featured_media":22062,"comment_status":"closed","ping_status":"open","sticky":false,"template":"","format":"standard","meta":{"footnotes":""},"categories":[176],"tags":[],"class_list":["post-22061","post","type-post","status-publish","format-standard","has-post-thumbnail","hentry","category-formacion"],"_links":{"self":[{"href":"https:\/\/cullarvega.com\/casa-cultura\/wp-json\/wp\/v2\/posts\/22061","targetHints":{"allow":["GET"]}}],"collection":[{"href":"https:\/\/cullarvega.com\/casa-cultura\/wp-json\/wp\/v2\/posts"}],"about":[{"href":"https:\/\/cullarvega.com\/casa-cultura\/wp-json\/wp\/v2\/types\/post"}],"author":[{"embeddable":true,"href":"https:\/\/cullarvega.com\/casa-cultura\/wp-json\/wp\/v2\/users\/1"}],"replies":[{"embeddable":true,"href":"https:\/\/cullarvega.com\/casa-cultura\/wp-json\/wp\/v2\/comments?post=22061"}],"version-history":[{"count":1,"href":"https:\/\/cullarvega.com\/casa-cultura\/wp-json\/wp\/v2\/posts\/22061\/revisions"}],"predecessor-version":[{"id":22063,"href":"https:\/\/cullarvega.com\/casa-cultura\/wp-json\/wp\/v2\/posts\/22061\/revisions\/22063"}],"wp:featuredmedia":[{"embeddable":true,"href":"https:\/\/cullarvega.com\/casa-cultura\/wp-json\/wp\/v2\/media\/22062"}],"wp:attachment":[{"href":"https:\/\/cullarvega.com\/casa-cultura\/wp-json\/wp\/v2\/media?parent=22061"}],"wp:term":[{"taxonomy":"category","embeddable":true,"href":"https:\/\/cullarvega.com\/casa-cultura\/wp-json\/wp\/v2\/categories?post=22061"},{"taxonomy":"post_tag","embeddable":true,"href":"https:\/\/cullarvega.com\/casa-cultura\/wp-json\/wp\/v2\/tags?post=22061"}],"curies":[{"name":"wp","href":"https:\/\/api.w.org\/{rel}","templated":true}]}}